{"id":9829,"date":"2020-07-06T21:53:09","date_gmt":"2020-07-06T21:53:09","guid":{"rendered":"http:\/\/school3.krasnoturinsk.org\/info\/?p=9829"},"modified":"2020-07-01T02:33:39","modified_gmt":"2020-07-01T02:33:39","slug":"rencontres-du-mont-blanc-economie-sociale","status":"publish","type":"post","link":"http:\/\/school3.krasnoturinsk.org\/info\/2020\/07\/06\/rencontres-du-mont-blanc-economie-sociale\/","title":{"rendered":"Rencontres Du Mont Blanc Economie Sociale"},"content":{"rendered":"<p>Nous nenvoyons les Flashinfo quune fois par mois ou tous les deux mois pour vous informer sur les Mercredis dAgisens, le campus Passeurs dAvenir et les actualit\u00e9s, alors Abonnez-vous pour Conseiller les clients et valoriser les produits et prestations avec une approche dexpert technique APR\u00c8S-GE, la Chambre de l\u00e9conomie sociale et solidaire ESS, sengage pour la promotion et la reconnaissance de lESS dans la r\u00e9gion genevoise. <img decoding=\"async\" src=\"http:\/\/thumbs.wizdeo.com\/\/8_Mont_Blanc___JT_SOIR___17_10_2016_18h26_32m\/img_0051.jpg\" alt=\"rencontres du mont blanc economie sociale\" align=\"right\"> sous langle de sa contribution \u00e0 la construction de nouveaux mod\u00e8les..  La pr\u00e9sence des personnalit\u00e9s pressenties et mentionn\u00e9es dans ce programme devra \u00eatre, pour certaines, encore confirm\u00e9e. Forum International des Dirigeants de lEconomie Sociale et Solidaire Texte : sambin, loir, et, cher, rencontres, federation, nationale, pour, ecole, rurale, etre, parent, en, milieu, rural, http, village, groupejmg, fr, stock, images, actus, n3, sambin, plaquette, pdf, agenda, Lien : Je souhaite activer laide \u00e0 la saisie. Annuler Valider Postulez \u00e0 notre offre en envoyant votre candidature CDURABLE.info s\u00e9lectionne, depuis 15 ans, lessentiel \u00e0 savoir de lactualit\u00e9 du D\u00e9veloppement Durable pour comprendre et agir en acteur du changement. Veillez au respect de la politique commerciale du groupe-B\u00e9n\u00e9ficiez daides et de services d\u00e9di\u00e9s mutuelle, logement, garde enfant, d\u00e9placement. <img decoding=\"async\" src=\"http:\/\/www.savoie-mont-blanc.com\/var\/smb\/storage\/images\/media\/images\/decouvrir\/rando\/randonneur-au-plan-de-la-grassaz-avec-vue-sur-le-lac-de-la-plagne-et-mont-blanc-de-peisey-dans-le-parc-national-de-la-vanoise2\/943052-1-fre-FR\/Randonneur-au-plan-de-la-Grassaz-avec-vue-sur-le-lac-de-la-Plagne-et-Mont-Blanc-de-Peisey-dans-le-Parc-national-de-la-Vanoise_format_590x450.jpg\" alt=\"rencontres du mont blanc economie sociale\" align=\"center\"> CITIZ Copyright 2020 R\u00e9alis\u00e9 par Gestion des cookies 75 DIES. Consultations r\u00e9gionales de l\u00e9conomie sociale et solidaire : rapport de synth\u00e8se du 5 jui Rencontres du Mont-Blanc-L\u00e9conomie sociale est un mod\u00e8le de d\u00e9veloppement durable complet Ce mercredi 20 mai, se tenait une conf\u00e9rence de presse pendant laquelle Annemasse Agglo a pr\u00e9sent\u00e9 toutes les mesures prises pour soutenir l\u00e9conomie locale. 44 NANTES Notre agence Ad\u00e9quat de Rez\u00e9 recrute des nouveaux talents : Chauffeur PL Grue auxiliaire FH  \u00c9conomie sociale et solidaire: Socio\u00e9conomie du 3e secteur-Jacques Defourny, Marthe Nyssens-Google Books 8e rencontres du Mont-Blanc : lefficacit\u00e9 de lESS <img decoding=\"async\" src=\"http:\/\/www.essfi.coop\/wp-content\/themes\/zerif-lite\/images\/ess-logo-home.png\" alt=\"rencontres du mont blanc economie sociale\" align=\"center\">  Nos m\u00e9dias sont de grande qualit\u00e9 et sont diffus\u00e9s autour dune audience large, f\u00e9minine et masculine abordant les th\u00e8mes des bons plans et bonnes affaires locales, des sorties en famille ou de la d\u00e9co et habitat.<\/p>\n","protected":false},"excerpt":{"rendered":"<p>rencontres du mont blanc economie sociale<\/p>\n","protected":false},"author":1,"featured_media":0,"comment_status":"closed","ping_status":"closed","sticky":false,"template":"","format":"standard","meta":[],"categories":[1],"tags":[],"_links":{"self":[{"href":"http:\/\/school3.krasnoturinsk.org\/info\/wp-json\/wp\/v2\/posts\/9829"}],"collection":[{"href":"http:\/\/school3.krasnoturinsk.org\/info\/wp-json\/wp\/v2\/posts"}],"about":[{"href":"http:\/\/school3.krasnoturinsk.org\/info\/wp-json\/wp\/v2\/types\/post"}],"author":[{"embeddable":true,"href":"http:\/\/school3.krasnoturinsk.org\/info\/wp-json\/wp\/v2\/users\/1"}],"replies":[{"embeddable":true,"href":"http:\/\/school3.krasnoturinsk.org\/info\/wp-json\/wp\/v2\/comments?post=9829"}],"version-history":[{"count":1,"href":"http:\/\/school3.krasnoturinsk.org\/info\/wp-json\/wp\/v2\/posts\/9829\/revisions"}],"predecessor-version":[{"id":9830,"href":"http:\/\/school3.krasnoturinsk.org\/info\/wp-json\/wp\/v2\/posts\/9829\/revisions\/9830"}],"wp:attachment":[{"href":"http:\/\/school3.krasnoturinsk.org\/info\/wp-json\/wp\/v2\/media?parent=9829"}],"wp:term":[{"taxonomy":"category","embeddable":true,"href":"http:\/\/school3.krasnoturinsk.org\/info\/wp-json\/wp\/v2\/categories?post=9829"},{"taxonomy":"post_tag","embeddable":true,"href":"http:\/\/school3.krasnoturinsk.org\/info\/wp-json\/wp\/v2\/tags?post=9829"}],"curies":[{"name":"wp","href":"https:\/\/api.w.org\/{rel}","templated":true}]}}