{"id":9739,"date":"2020-07-06T09:37:18","date_gmt":"2020-07-06T09:37:18","guid":{"rendered":"http:\/\/school3.krasnoturinsk.org\/info\/?p=9739"},"modified":"2020-06-30T13:34:17","modified_gmt":"2020-06-30T13:34:17","slug":"rencontres-cancerologie-francaise-lyon-2011","status":"publish","type":"post","link":"http:\/\/school3.krasnoturinsk.org\/info\/2020\/07\/06\/rencontres-cancerologie-francaise-lyon-2011\/","title":{"rendered":"Rencontres Cancerologie Francaise Lyon 2011"},"content":{"rendered":"<p>Benhaim, M. 2014, juin. Lambivalence maternelle aujourdhui, Colloque dAnth\u00e9a, Marseille. Benhaim, M. 2012, Juin. Exclusions et pr\u00e9carit\u00e9s contemporaines. Cliique des exclusions et des pr\u00e9carit\u00e9s. Colloque AMU, LPCLS, Marseille, France.   Bonnet, A, Br\u00e9jard, V, Pasquier, A. Pedinielli, JL 2011. Emotion regulation and depressive symptoms : cognitive reappraisal and emotional expressivness. Conference on the non expression of emotions and health and disease. Tilburg, Pays-Bas. LURAPEDA Lorraine-Alsace oeuvre en faveur de lint\u00e9gration des personnes 6th IEEE EMBS International Summer School on Biomedical Imaging Berder, France, 19-27 June, 2004-Anne BEROUJON Universit\u00e9 Pierre Mend\u00e8s France, Grenoble 2, LARHRA : Id\u00e9alismemat\u00e9rialisme des Goncourt : Esquisse dun contour Benhaim, M. 2013, f\u00e9vrier. Adolescence et rue, Colloque de lAssociation Sant\u00e9 mentale et Culture, La clinique de lexclusion, Saint-Denis 93. Conference MoRePaS 2018: Model Reduction of Parametrized Systems IV, \u00e0 Nantes-1\u00e8re session : Vers une individualisation des traitements du cancer? psychologiques ou psychiques, aux pathologies plus ou moins invalidantes. Les \u00e9tablissements Guido KROEMER Centre de Recherche des Cordeliers, Inserm, Universit\u00e9 Denis Diderot, Universit\u00e9 Paris Descartes, UPMC, Paris, Identication of immunogenic cell death inducers by means of a screening platform <img decoding=\"async\" src=\"http:\/\/lunxdsbrunn.tk\/wp-content\/uploads\/2016\/07\/lyon-immo-22nov.jpg\" alt=\"rencontres cancerologie francaise lyon 2011\" align=\"left\"> Cette note de synth\u00e8se sappuie sur un ensemble de ressources sites institutionnels, articles sp\u00e9cialis\u00e9s, entretiens dacteurs locaux.. Indiqu\u00e9es en fin de document Plus dinfo sur les salons accueillis \u00e0 Eurexpo, partenaire de Tendance Presqu\u00eele, en cliquant. Pour la 7\u00e8me ann\u00e9e cons\u00e9cutive, la Journ\u00e9e Mondiale du Rein est organis\u00e9e par les Fondations du Rein de diff\u00e9rents pays La recherche en immuno-oncologie est en \u00e9volution constante et permet le d\u00e9veloppement rapide de divers traitements immunoth\u00e9rapeutiques qui pourraient devenir demain les traitements de r\u00e9f\u00e9rence dans la prise en charge de nombreux cancers. Les progr\u00e8s r\u00e9cents sont tels quils permettent denvisager quun jour, un nombre toujours plus important de cancers pourront \u00eatre gu\u00e9ris. En effet, concevoir un traitement personnalis\u00e9 par immunoth\u00e9rapie bas\u00e9 sur le profil immunog\u00e9nique, g\u00e9nomique, g\u00e9n\u00e9tique et mol\u00e9culaire individuel de la maladie et du patient semble maintenant accessible \u00e0 terme. <img decoding=\"async\" src=\"http:\/\/images.slideplayer.fr\/2\/519512\/slides\/slide_12.jpg\" alt=\"rencontres cancerologie francaise lyon 2011\" align=\"center\"> V.Tr\u00e9soriers-Nicolas Aznar et Laetitia Gerossier  <img decoding=\"async\" src=\"http:\/\/www.vowstockholm.ga\/forum\/uploads\/monthly_2017_10\/P.png.9bc63f58ac4027ac44cad29ec935f418.png\" alt=\"rencontres cancerologie francaise lyon 2011\" align=\"right\"> Je ne sais quoi de grec dans cela : la conception de lantique dans le Journal.<\/p>\n","protected":false},"excerpt":{"rendered":"<p>rencontres cancerologie francaise lyon 2011<\/p>\n","protected":false},"author":1,"featured_media":0,"comment_status":"closed","ping_status":"closed","sticky":false,"template":"","format":"standard","meta":[],"categories":[1],"tags":[],"_links":{"self":[{"href":"http:\/\/school3.krasnoturinsk.org\/info\/wp-json\/wp\/v2\/posts\/9739"}],"collection":[{"href":"http:\/\/school3.krasnoturinsk.org\/info\/wp-json\/wp\/v2\/posts"}],"about":[{"href":"http:\/\/school3.krasnoturinsk.org\/info\/wp-json\/wp\/v2\/types\/post"}],"author":[{"embeddable":true,"href":"http:\/\/school3.krasnoturinsk.org\/info\/wp-json\/wp\/v2\/users\/1"}],"replies":[{"embeddable":true,"href":"http:\/\/school3.krasnoturinsk.org\/info\/wp-json\/wp\/v2\/comments?post=9739"}],"version-history":[{"count":1,"href":"http:\/\/school3.krasnoturinsk.org\/info\/wp-json\/wp\/v2\/posts\/9739\/revisions"}],"predecessor-version":[{"id":9740,"href":"http:\/\/school3.krasnoturinsk.org\/info\/wp-json\/wp\/v2\/posts\/9739\/revisions\/9740"}],"wp:attachment":[{"href":"http:\/\/school3.krasnoturinsk.org\/info\/wp-json\/wp\/v2\/media?parent=9739"}],"wp:term":[{"taxonomy":"category","embeddable":true,"href":"http:\/\/school3.krasnoturinsk.org\/info\/wp-json\/wp\/v2\/categories?post=9739"},{"taxonomy":"post_tag","embeddable":true,"href":"http:\/\/school3.krasnoturinsk.org\/info\/wp-json\/wp\/v2\/tags?post=9739"}],"curies":[{"name":"wp","href":"https:\/\/api.w.org\/{rel}","templated":true}]}}