{"id":9709,"date":"2020-07-06T12:35:22","date_gmt":"2020-07-06T12:35:22","guid":{"rendered":"http:\/\/school3.krasnoturinsk.org\/info\/?p=9709"},"modified":"2020-06-30T08:01:22","modified_gmt":"2020-06-30T08:01:22","slug":"rencontre-internationale-action-21","status":"publish","type":"post","link":"http:\/\/school3.krasnoturinsk.org\/info\/2020\/07\/06\/rencontre-internationale-action-21\/","title":{"rendered":"Rencontre Internationale Action 21"},"content":{"rendered":"<p>Participez au S\u00e9jour d\u00e9tudes de lUniversit\u00e9 de Nantes : 2 journ\u00e9es dimmersion totale sur des territoires exemplaires en mati\u00e8re de d\u00e9veloppement durable Le 1er janvier, la France a pris la Pr\u00e9sidence du G7. Cette ann\u00e9e 2019 est centr\u00e9e sur la lutte contre les in\u00e9galit\u00e9s, dont le temps fort sera le Sommet qui aura lieu fin ao\u00fbt \u00e0 Biarritz et qui r\u00e9unira les Chefs d\u00c9tat et de Gouvernement des 7 pays membres France, Canada, \u00c9tats-Unis, Royaume-Uni, Allemagne, Japon, Italie. <img decoding=\"async\" src=\"http:\/\/www.pcf.fr\/sites\/default\/files\/imagecache\/image\/exe_4p_grande_consultation_stc-pdf-image.jpg\" alt=\"rencontre internationale action 21\" align=\"right\"> Expo \u00e0 d\u00e9couvrir : Hey, Whats going On? \u00e0 la MRO Fondation Comp\u00e9tences 21, la communaut\u00e9 des responsables et experts des comp\u00e9tences collectives au service de la transition et du d\u00e9veloppement durable initi\u00e9e par France Business school, vous invite \u00e0 participer au colloque mercredi 4 d\u00e9cembre 2013 \u00e0 lUNESC Ilelle est en charge de linnovation technologique de lentreprise. Un salon de lautomobile et de la moto de collection, avec cette ann\u00e9e, un focus sur les voitures de courses et de rallyes, les courses mythiques comme les 24h ; des animations pour festives.. Pour les amateurs de belles m\u00e9caniques! s\u00e9rieuses accidents, sant\u00e9, bruit, embouteillages et perte de La CPU-Conf\u00e9rence des Pr\u00e9sidents dUniversit\u00e9, la CGE-Conf\u00e9rence des Grandes Ecoles-et le Comit\u00e9 21-association nationale pour le d\u00e9veloppement durable, ont souhait\u00e9 r\u00e9aliser une \u00e9tude sur les nouvelles attentes des employeurs en termes de comp\u00e9tences, de m\u00e9tiers, de fili\u00e8res et de dipl\u00f4mes, dans ce contexte de transformations soci\u00e9tales majeures. <img decoding=\"async\" src=\"http:\/\/www.un.org\/sites\/www.un.org\/files\/styles\/medium\/public\/2018\/09\/06\/polling-staff.jpg\" alt=\"rencontre internationale action 21\" align=\"left\"> 12 mars, 11h Regards crois\u00e9s sur la contribution des femmes en mati\u00e8re de r\u00e9conciliation nationale et la coh\u00e9sion sociale en C\u00f4te dIvoire, au Rwanda et au Mali. OIF, Minist\u00e8re de la Femme, de la Famille et de lEnfant, C\u00f4te dIvoire, Pr\u00e9sidence ivoirienne du Groupe des Ambassadeurs francophones. 11h \u00e0 12h30. Repr\u00e9sentation permanente de lOIF, 801 2nd avenue. SRGI2020 : Conference on Sub-Riemannian Geometry and Interactions Les autocaristes ont d\u00e9fil\u00e9 dans les rues de Paris le 10 juin pour demander \u00e0 l\u00c9tat de ne pas les oublie..  proposer les am\u00e9liorations possibles pour la vie communautaire durant les quatre jours. Le Comit\u00e9 21 ouvrira en 2020 et 2021 une nouvelle phase de son programme daccompagnement par secteur dactivit\u00e9 Adaptation aux changements climatiques \u00e0 loccasion dun colloque Sadapter pour survivre \u00e0 lAssembl\u00e9e nationale, de 14h \u00e0 18h30. Financing initiatives to combat desertification on a local, regional and national level is a real challenge. The floor will be given to a few funding mechanisms in order to question national and international decision-makers on fund governance and on funding priorities. Reconnaissant la contribution du tourisme durable \u00e0 lAgenda 2030 pour le d\u00e9veloppement durable et limpact positif quil peut avoir sur les communaut\u00e9s locales et la protection des biens du patrimoine mondial, note n\u00e9anmoins avec inqui\u00e9tude que le nombre de biens affect\u00e9s par lencombrement, la congestion et le d\u00e9veloppement des infrastructures touristiques continue \u00e0 augmenter ; Presentation of the Activity Report by the board of direction of the network Les relations entre les service du Premier ministre japonais et le Service interminist\u00e9riel des archives de France ont commenc\u00e9 en 2009 lors dune visite de plusieurs jours dune d\u00e9l\u00e9gation venue \u00e9tudier le syst\u00e8me fran\u00e7ais darchivage alors que lEtat japonais souhaitait moderniser et r\u00e9former ses archives publiques. Chaque ann\u00e9e des compagnons 17-21 ans se mettent au service de communaut\u00e9s locales \u00e0 linternational au travers de projets quils ont construits eux-m\u00eames avec des partenaires locaux. Ces projets peuvent \u00eatre des actions tr\u00e8s diverses : \u00e9ducation, culture, environnement, \u00e9cologie Ils d\u00e9couvrent ainsi la solidarit\u00e9 internationale apr\u00e8s avoir \u00e9t\u00e9 \u00e9duqu\u00e9s \u00e0 la solidarit\u00e9 locale \u00e9tant plus jeunes. His works were recently exposed at the Biannual of Contemporary Art of Lyon, at the.. Mobilit\u00e9 \u00e9lectrique et r\u00e9cup\u00e9ration de t\u00e9l\u00e9phones \u00e0 Chang\u00e9 Le Comit\u00e9 21 publie sa nouvelle note sur le bilan de la COP25 qui sest d\u00e9roul\u00e9e \u00e0 Madrid entre le 2 et le 13 d\u00e9cembre.. Opinion internationale : la conf\u00e9rence myriade, une analyse de Bettina Laville sur le bilan de la COP22 <img decoding=\"async\" src=\"http:\/\/www.jeudepaume.org\/imagesZoom\/Cat_DaphneLeSergent-1100.jpg\" alt=\"rencontre internationale action 21\" align=\"center\"> Les dirigeants de demain auront \u00e0 r\u00e9pondre aux enjeux de d\u00e9veloppement durable des La XX\u00e8me Conf\u00e9rence annuelle de lOIDP aura lieu \u00e0 Cocody C\u00f4te dIvoire en \u00e9t\u00e9 2020   Sommet de la Terre de 1992, une centaine de chefs d?Etats de l?ONU signent La d\u00e9claration de Rio.<\/p>\n","protected":false},"excerpt":{"rendered":"<p>rencontre internationale action 21<\/p>\n","protected":false},"author":1,"featured_media":0,"comment_status":"closed","ping_status":"closed","sticky":false,"template":"","format":"standard","meta":[],"categories":[1],"tags":[],"_links":{"self":[{"href":"http:\/\/school3.krasnoturinsk.org\/info\/wp-json\/wp\/v2\/posts\/9709"}],"collection":[{"href":"http:\/\/school3.krasnoturinsk.org\/info\/wp-json\/wp\/v2\/posts"}],"about":[{"href":"http:\/\/school3.krasnoturinsk.org\/info\/wp-json\/wp\/v2\/types\/post"}],"author":[{"embeddable":true,"href":"http:\/\/school3.krasnoturinsk.org\/info\/wp-json\/wp\/v2\/users\/1"}],"replies":[{"embeddable":true,"href":"http:\/\/school3.krasnoturinsk.org\/info\/wp-json\/wp\/v2\/comments?post=9709"}],"version-history":[{"count":1,"href":"http:\/\/school3.krasnoturinsk.org\/info\/wp-json\/wp\/v2\/posts\/9709\/revisions"}],"predecessor-version":[{"id":9710,"href":"http:\/\/school3.krasnoturinsk.org\/info\/wp-json\/wp\/v2\/posts\/9709\/revisions\/9710"}],"wp:attachment":[{"href":"http:\/\/school3.krasnoturinsk.org\/info\/wp-json\/wp\/v2\/media?parent=9709"}],"wp:term":[{"taxonomy":"category","embeddable":true,"href":"http:\/\/school3.krasnoturinsk.org\/info\/wp-json\/wp\/v2\/categories?post=9709"},{"taxonomy":"post_tag","embeddable":true,"href":"http:\/\/school3.krasnoturinsk.org\/info\/wp-json\/wp\/v2\/tags?post=9709"}],"curies":[{"name":"wp","href":"https:\/\/api.w.org\/{rel}","templated":true}]}}