{"id":9569,"date":"2020-07-05T05:59:48","date_gmt":"2020-07-05T05:59:48","guid":{"rendered":"http:\/\/school3.krasnoturinsk.org\/info\/?p=9569"},"modified":"2020-06-29T07:23:39","modified_gmt":"2020-06-29T07:23:39","slug":"rencontres-09","status":"publish","type":"post","link":"http:\/\/school3.krasnoturinsk.org\/info\/2020\/07\/05\/rencontres-09\/","title":{"rendered":"Rencontres 09"},"content":{"rendered":"<p>Ces pronostics sont donn\u00e9s \u00e0 titre indicatif. Vous ne saurez engager la responsabilit\u00e9 de lauteur quant aux r\u00e9sultats des courses. Les cotes sont susceptibles de changer jusquau d\u00e9part. Jouer comporte des risques : endettement, d\u00e9pendance Appelez le 09 74 75 13 13 appel non surtax\u00e9 AORIF-lUnion sociale pour lhabitat dIle-de-France D\u00e9velopper la coop\u00e9ration universitaire avec lAfrique et la France, valoriser lenseignement sup\u00e9rieur fran\u00e7ais et faciliter les accords d\u00e9changes : tel est lobjectif des Rencontres Campus France 2016, qui se tiendront les 07, 08 et 09112016 \u00e0 Paris, au Centquatre, indique lorganisation le 05102016. Cest la premi\u00e8re fois que Campus France invite les universit\u00e9s africaines \u00e0 rencontrer leurs homologues fran\u00e7ais : elles seront une cinquantaine de 23 pays \u00e0 participer, auxquelles sajouteront des \u00e9tablissements de huit pays dAfrique du NordMoyen-Orient, huit pays des Am\u00e9riques, huit pays dAsie et sept pays dEurope. C\u00f4t\u00e9 fran\u00e7ais, 130 \u00e9tablissements denseignement sup\u00e9rieur, les ambassades de France \u00e0 l\u00e9tranger et les espaces Campus France de 51 pays, ainsi que les principaux partenaires de lagence Instituts de recherche, Agence fran\u00e7aise de d\u00e9veloppement, entreprises seront pr\u00e9sents. Campus France annonce la pr\u00e9sence de Jean-Marc Ayrault, ministre des affaires \u00e9trang\u00e8res et du d\u00e9veloppement international, le 0711, et Thierry Mandon, secr\u00e9taire dEtat charg\u00e9 de lenseignement sup\u00e9rieur et de la recherche le 0811. Le programme de la manifestation sera communiqu\u00e9 prochainement. Comment les applis de rencontres surfent sur le confinement Voir les sous-sections pr\u00e9cedentes Voir les sous-sections suivantes Mercredi 20 septembre 2017 18h30 Librairie Ombres Blanches Entr\u00e9e libre <img decoding=\"async\" src=\"http:\/\/rencontres-documentaires-grignan.com\/wp-content\/uploads\/2018\/09\/visuel_invites_rhd.jpg\" alt=\"rencontres 09\" align=\"left\"> -Jeudi 13 septembre, \u00e0 18 h 30 \u00e0 Talant, Espace Georges-Brassens, Claudine Vincenot et G\u00e9rard Gautier avec Vincenot, lalbum publi\u00e9 des 100 ans de la naissance de l\u00e9crivain. RDV le 1809 aux 3e Rencontres de la mobilit\u00e9 \u00e9lectrique peut-\u00eatre il y a quelquun qui serait int\u00e9ress\u00e9 la partager avec moi, le m\u00eame int\u00e9r\u00eat. Une alternative dont les termes sont croissance ou d\u00e9croissance est-elle vraiment suffisante pour nous permettre de nous engager pour un avenir meilleur? Cette dichotomie, bien quint\u00e9ressante, ne semble pas vraiment refl\u00e9ter la complexit\u00e9 des enjeux que nous traversons aujourdhui. Quen est-il du d\u00e9veloppement, permet-il vraiment de changer de paradigme? Dans quelle mesure? Cest tout lobjet de ce d\u00e9bat, en r\u00e9alit\u00e9 bien davantage quun simple d\u00e9bat s\u00e9mantique etudiante \u00e0 la sorbonne nouvelle en arts du spectacle mineure arts et m\u00e9dias; je recherche des r\u00f4les, associations; groupe de chanteur \u00e0 int\u00e9grer, ou projets cin\u00e9matographiques ou th\u00e9\u00e2trales.. A partir de 150 Artistes Cr\u00e9ations Paris 75000 La question de la structuration en Aquitaine Limousin Poitou Charente : Josette RENAUD UPCP M\u00e9tive, Olivier DURIF CRMT Limousin, Pierre HAIRA HERRI SOINU Le 13 et le 20 juin 2020 Visite de Chalon depuis la Sa\u00f4ne..  Bon week-end \u00e0 tous et bons matchs \u00e0 nos barpaises et barpais! J ai mes passions mais suis ouverte \u00e0 tout les sujets car jaime d\u00e9couvrir et apprendre Isma\u00efl Bahri : Jai beaucoup aim\u00e9 lexpo dUrsula Biemann, The Maghreb Connection, en particulier lid\u00e9e du territoire et le rapport entre \u00e9tat et nomadisme. Jai appr\u00e9ci\u00e9 la multiplicit\u00e9 des regards sur le Maghreb et la r\u00e9flexion curatoriale. Bio <img decoding=\"async\" src=\"http:\/\/commentseduire.net\/wp-content\/uploads\/backup\/2013\/04\/site-rencontres-s%C3%A9niors.jpg\" alt=\"rencontres 09\" align=\"right\">  <img decoding=\"async\" src=\"http:\/\/s1.dmcdn.net\/CYhse\/1280x720-9qj.jpg\" alt=\"rencontres 09\" align=\"center\">.<\/p>\n","protected":false},"excerpt":{"rendered":"<p>rencontres 09<\/p>\n","protected":false},"author":1,"featured_media":0,"comment_status":"closed","ping_status":"closed","sticky":false,"template":"","format":"standard","meta":[],"categories":[1],"tags":[],"_links":{"self":[{"href":"http:\/\/school3.krasnoturinsk.org\/info\/wp-json\/wp\/v2\/posts\/9569"}],"collection":[{"href":"http:\/\/school3.krasnoturinsk.org\/info\/wp-json\/wp\/v2\/posts"}],"about":[{"href":"http:\/\/school3.krasnoturinsk.org\/info\/wp-json\/wp\/v2\/types\/post"}],"author":[{"embeddable":true,"href":"http:\/\/school3.krasnoturinsk.org\/info\/wp-json\/wp\/v2\/users\/1"}],"replies":[{"embeddable":true,"href":"http:\/\/school3.krasnoturinsk.org\/info\/wp-json\/wp\/v2\/comments?post=9569"}],"version-history":[{"count":1,"href":"http:\/\/school3.krasnoturinsk.org\/info\/wp-json\/wp\/v2\/posts\/9569\/revisions"}],"predecessor-version":[{"id":9570,"href":"http:\/\/school3.krasnoturinsk.org\/info\/wp-json\/wp\/v2\/posts\/9569\/revisions\/9570"}],"wp:attachment":[{"href":"http:\/\/school3.krasnoturinsk.org\/info\/wp-json\/wp\/v2\/media?parent=9569"}],"wp:term":[{"taxonomy":"category","embeddable":true,"href":"http:\/\/school3.krasnoturinsk.org\/info\/wp-json\/wp\/v2\/categories?post=9569"},{"taxonomy":"post_tag","embeddable":true,"href":"http:\/\/school3.krasnoturinsk.org\/info\/wp-json\/wp\/v2\/tags?post=9569"}],"curies":[{"name":"wp","href":"https:\/\/api.w.org\/{rel}","templated":true}]}}