{"id":9483,"date":"2020-07-05T05:09:42","date_gmt":"2020-07-05T05:09:42","guid":{"rendered":"http:\/\/school3.krasnoturinsk.org\/info\/?p=9483"},"modified":"2020-06-28T15:22:04","modified_gmt":"2020-06-28T15:22:04","slug":"rencontre-politique","status":"publish","type":"post","link":"http:\/\/school3.krasnoturinsk.org\/info\/2020\/07\/05\/rencontre-politique\/","title":{"rendered":"Rencontre Politique"},"content":{"rendered":"<p>Dindiquer ci-dessous lidentifiant personnel qui vous a Ce projet a re\u00e7u un financement du Conseil Europ\u00e9en de la Recherche CER dans le cadre du programme de recherche et dinnovation Horizon 2020 de lUnion europ\u00e9enne convention de subvention n695674. <img decoding=\"async\" src=\"http:\/\/www.congoactuel.com\/wp-content\/uploads\/2018\/03\/muzito_mosengwo_18_0001_640_350_1.jpg\" alt=\"rencontre politique\" align=\"right\"> Politique fonci\u00e8re et politique du logement : quels enjeux et quels outils pour les communes?  Le Minist\u00e8re de lAgriculture et de lAlimentation t\u00e9moigne dune politique dachats responsables croissante aupr\u00e8s de prestataires ESAT et EA. Mobilis\u00e9e en interne sur cette question depuis de nombreuses ann\u00e9es, linstitution publique profite de son partenariat avec le R\u00e9seau Gesat pour booster davantage et plus justement ses besoins dachats responsables, actuels et futurs. Nous avons rencontr\u00e9 M\u00e9lanie Colletin, Responsable minist\u00e9riel des achats publics responsables au sein du Minist\u00e8re de lAgriculture et de lAlimentation pour \u00e9voquer la contractualisation dun march\u00e9 traiteur avec lESAT La MARE SAVIN, en co-traitance avec lentreprise Le Cercle. Le 13 juin et le 17 sept. 2020 Balade propos\u00e9e par la Maison de la culture et des loisirs.. Lindividualisme participe ainsi de la crise de la citoyennet\u00e9 actuelle, \u00e0 laquelle sont confront\u00e9s les acteurs associatifs et politiques. Roger Sue relativise lid\u00e9e de repli sur la sph\u00e8re priv\u00e9e, que d\u00e9ment lengagement dans la vie associative, et propose de consid\u00e9rer les choses en termes de crise du civisme.  Uniformation : rencontre politique en IDF autour de la r\u00e9forme de la formation profesionnelle Les parcs et jardins municipaux resteront ferm\u00e9s pour la journ\u00e9e, tout comme les cimeti\u00e8res sur lensemble de la commune. Ce message saffichera sur lautre appareil. Ce dernier restera connect\u00e9 avec ce compte. Au cours de la derni\u00e8re d\u00e9cennie, la population dans les colonies isra\u00e9liennes a bondi de 50 pour d\u00e9passer les 450.000 personnes, vivant souvent de mani\u00e8re conflictuelle aupr\u00e8s de plus de 2,7 millions de Palestiniens. <img decoding=\"async\" src=\"http:\/\/french.peopledaily.com.cn\/NMediaFile\/2017\/0418\/FOREIGN201704180815000233475261716.jpg\" alt=\"rencontre politique\" align=\"right\"> CONSEILS DARCHITECTURE, DURBANISME ET DE LENVIRONNEMENT  \u00c9lections f\u00e9d\u00e9rales Retour sur la rencontre politique LGBT : Lez Spread the Word D\u00e8s lors, comment \u00e9quilibrer les termes du partenariat? Cest Hugo, animateur formateur \u00e0 lAtelier paysan, salari\u00e9 soci\u00e9taire, qui sy est coll\u00e9. Voici son r\u00e9cit : Ces rencontres d\u00e9buteront d\u00e8s lundi : \u00e0 9 heures, Emmanuel Macron recevra Gilles Le Gendre, le pr\u00e9sident des d\u00e9put\u00e9s LREM \u00e0 lAssembl\u00e9e nationale ; puis, Christian Jacob, celui des R\u00e9publicains, \u00e0 10h30, selon un communiqu\u00e9 de la pr\u00e9sidence envoy\u00e9 samedi matin. Jean-Luc M\u00e9lenchon LFI et Marine Le Pen RN seront re\u00e7us mercredi. Les dates des autres rendez-vous seront communiqu\u00e9es ult\u00e9rieurement. Ce sujet a \u00e9t\u00e9 diffus\u00e9 dans le journal t\u00e9l\u00e9vis\u00e9 de 20H du 09042020 pr\u00e9sent\u00e9 par Gilles Bouleau sur TF1. Vous retrouverez au programme du JT de 20H du 9 avril 2020 des reportages sur lactualit\u00e9 politique \u00e9conomique, internationale et culturelle, des analyses et rebonds sur les principaux th\u00e8mes du jour, des sujets en r\u00e9gions ainsi que des enqu\u00eates sur les sujets qui concernent le quotidien des Fran\u00e7ais. Lecture chr\u00e9tienne de la soci\u00e9t\u00e9 et de lactualit\u00e9. <img decoding=\"async\" src=\"http:\/\/tvt.tg\/wp-content\/uploads\/2018\/04\/vlcsnap-error596.png\" alt=\"rencontre politique\" align=\"left\"> Cest ainsi, selon Mich\u00e8le Andr\u00e9 : le politique dit son existence \u00e0 lassociatif, ce qui pose la question de lind\u00e9pendance des acteurs associatifs par rapport \u00e0 la politique, mais aussi les conditions de la collaboration entre les deux. Salah Amokrane explique que lassociation est contrainte d\u00eatre \u00e0 la fois avec et contre les politiques. Le r\u00f4le de contre-pouvoir des associations est \u00e9voqu\u00e9 Annick Lepetit, Gilles Carrez. Eric Oberson souligne \u00e9galement les champs contradictoires dans lesquels lassociation se trouve, difficiles \u00e0 g\u00e9rer et qui ne facilitent pas sa relation aux acteurs politiques.<\/p>\n","protected":false},"excerpt":{"rendered":"<p>rencontre politique<\/p>\n","protected":false},"author":1,"featured_media":0,"comment_status":"closed","ping_status":"closed","sticky":false,"template":"","format":"standard","meta":[],"categories":[1],"tags":[],"_links":{"self":[{"href":"http:\/\/school3.krasnoturinsk.org\/info\/wp-json\/wp\/v2\/posts\/9483"}],"collection":[{"href":"http:\/\/school3.krasnoturinsk.org\/info\/wp-json\/wp\/v2\/posts"}],"about":[{"href":"http:\/\/school3.krasnoturinsk.org\/info\/wp-json\/wp\/v2\/types\/post"}],"author":[{"embeddable":true,"href":"http:\/\/school3.krasnoturinsk.org\/info\/wp-json\/wp\/v2\/users\/1"}],"replies":[{"embeddable":true,"href":"http:\/\/school3.krasnoturinsk.org\/info\/wp-json\/wp\/v2\/comments?post=9483"}],"version-history":[{"count":1,"href":"http:\/\/school3.krasnoturinsk.org\/info\/wp-json\/wp\/v2\/posts\/9483\/revisions"}],"predecessor-version":[{"id":9484,"href":"http:\/\/school3.krasnoturinsk.org\/info\/wp-json\/wp\/v2\/posts\/9483\/revisions\/9484"}],"wp:attachment":[{"href":"http:\/\/school3.krasnoturinsk.org\/info\/wp-json\/wp\/v2\/media?parent=9483"}],"wp:term":[{"taxonomy":"category","embeddable":true,"href":"http:\/\/school3.krasnoturinsk.org\/info\/wp-json\/wp\/v2\/categories?post=9483"},{"taxonomy":"post_tag","embeddable":true,"href":"http:\/\/school3.krasnoturinsk.org\/info\/wp-json\/wp\/v2\/tags?post=9483"}],"curies":[{"name":"wp","href":"https:\/\/api.w.org\/{rel}","templated":true}]}}