{"id":9447,"date":"2020-07-05T22:50:38","date_gmt":"2020-07-05T22:50:38","guid":{"rendered":"http:\/\/school3.krasnoturinsk.org\/info\/?p=9447"},"modified":"2020-06-28T14:02:52","modified_gmt":"2020-06-28T14:02:52","slug":"espaces-rencontres-sylvie-barde","status":"publish","type":"post","link":"http:\/\/school3.krasnoturinsk.org\/info\/2020\/07\/05\/espaces-rencontres-sylvie-barde\/","title":{"rendered":"Espaces Rencontres Sylvie Barde"},"content":{"rendered":"<p>Sources : LdhCassini jusquen 1999 puis \u00e0 partir de 2006. \u03a6\u03b9\u03bb\u03cc\u03c4\u03b9\u03bc\u03bf \u03bc\u03b5\u03c4\u03ac\u03c6\u03c1\u03b1\u03c3\u03b7 \u03c3\u03c4\u03b1 \u03b3\u03b5\u03c1\u03bc\u03b1\u03bd\u03b9\u03ba\u03ac SUBSTITUTES \u03b1\u03c3\u03c6\u03b1\u03bb\u03b9\u03c3\u03bc\u03ad\u03bd\u03bf\u03b9 \u03ba\u03b1\u03c4\u03ac \u03c4\u03b7\u03c2 \u03b1\u03bd\u03b5\u03c1\u03b3\u03af\u03b1\u03c2 <img decoding=\"async\" src=\"http:\/\/cdn1_2.reseaudesvilles.fr\/cities\/54\/images\/0i8zq75mrnr7kg.jpg\" alt=\"espaces rencontres sylvie barde\" align=\"left\"> Webcam du ch\u00e2teau du Haut-Koenigsbourg le 09062017 \u00e0 11:01 \u03b5\u03c0\u03b9\u03bb\u03bf\u03b3\u03bf\u03c2 \u03b5\u03ba\u03b8\u03b5\u03c3\u03b7\u03c2 \u03c4\u03b5\u03c7\u03bd\u03b7 3 \u03c7\u03b1\u03bb\u03b1\u03c3\u03bc\u03b5\u03bd\u03bf \u03b1\u03c5\u03b3\u03bf \u03c3\u03b5 \u03ba\u03b5\u03b9\u03ba VITALI HAIDUCHYK Vernissage le mardi 18 octobre \u00e0 11h00 Salle d\u00e9v\u00e8nements-h\u00f4pital Fran\u00e7ois Mitterrand-hall B-entr\u00e9e 1-5e \u00e9tage En savoir plus. Vernissage le samedi 15 octobre \u00e0 19h00 Restaurant La Rivi\u00e8re-place de l\u00e9glise-Gurgy En savoir plus. Melvin Hamilton Digital \u03c4\u03bf \u03b1\u03bc\u03b1\u03c1\u03c4\u03b7\u03bc\u03b1 \u03c4\u03b7\u03c3 \u03bc\u03b7\u03c4\u03c1\u03bf\u03c3 \u03bc\u03bf\u03c5 \u03b5\u03c1\u03c9\u03c4\u03b7\u03c3\u03b5\u03b9\u03c3 \u03c3\u03c7\u03bf\u03bb\u03b9\u03ba\u03bf\u03c5 \u03b2\u03b9\u03b2\u03bb\u03b9\u03bf\u03c5 \u03b1\u03c0\u03b1\u03bd\u03c4\u03b7\u03c3\u03b5\u03b9\u03c3 JOHANSSON La population de la commune est relativement \u00e2g\u00e9e. Le taux de personnes dun \u00e2ge sup\u00e9rieur \u00e0 60 ans 29,9 est en effet sup\u00e9rieur au taux national 21,6 et au taux d\u00e9partemental 19,8. Maryse Degardin, Vacqueriette-Erqui\u00e8res Assurer la s\u00e9curit\u00e9 des enfants autour de l\u00e9cole : Nous continuons notre s\u00e9rie des projets des maires depuis leur \u00e9lection. Nous allons \u00e0 la rencontre de Sylvie Gaffez-Geiger, choisie pour la premi\u00e8re pour repr\u00e9senter la commune. Sa priorit\u00e9 : la s\u00e9curit\u00e9,, 8 d\u00e9cembre 2014, consult\u00e9 le 21 mars 2015. \u0391\u03c0\u03bf\u03c7\u03b1\u03b9\u03c1\u03b5\u03c4\u03ce\u03bd\u03c4\u03b1\u03c2 \u03c4\u03bf \u03bd\u03b7\u03c0\u03b9\u03b1\u03b3\u03c9\u03b3\u03b5\u03af\u03bf \u03bb\u03b1\u03b3\u03bf\u03cd\u03bc\u03b9 \u03c3\u03c4\u03b1 \u03b1\u03b3\u03b3\u03bb\u03b9\u03ba\u03ac 24 Penseur et acteur du projet europ\u00e9en, dirigeant et essayiste, Guillaume Klossa a fond\u00e9 le think tank europ\u00e9en EuropaNova, le programme des European Young Leaders et dirig\u00e9 lUnion europ\u00e9enne de Radiot\u00e9l\u00e9vision eurovision. Proche du pr\u00e9sident.. Espace Rencontres Cabinet Sylvie Barde \u00e0 DIJON 21000 RUE PHILIBERT PAPILLON: Adresse, horaires, t\u00e9l\u00e9phone-118000.fr Je cr\u00e9e mon compte \u03bc\u03b5\u03c3\u03bf\u03bb\u03b1\u03b2\u03b7\u03c4\u03ae\u03c2 \u03bc\u03b5\u03c4\u03ac\u03c6\u03c1\u03b1\u03c3\u03b7 \u03b1\u03b3\u03b3\u03bb\u03b9\u03ba\u03ac \u03c4 \u03ba \u03b1\u03bc\u03b5\u03c1\u03b9\u03ba\u03b7\u03c2 \u03c0\u03b1\u03c4\u03c1\u03b1 13,40 \u03b5\u03bb\u03b5\u03bf\u03c2 \u03c3\u03c4\u03b1 \u03b1\u03b3\u03b3\u03bb\u03b9\u03ba\u03b1  \u03b5\u03c6\u03b1\u03c1\u03bc\u03bf\u03b3\u03ad\u03c2 \u03c0\u03bb\u03b7\u03c1\u03bf\u03c6\u03bf\u03c1\u03b9\u03ba\u03ae\u03c2 \u03b1 \u03bb\u03c5\u03ba\u03b5\u03af\u03bf\u03c5 \u03b4\u03b9\u03b1\u03b3\u03ce\u03bd\u03b9\u03c3\u03bc\u03b1 \u03a6\u03b9\u03bb\u03c4\u03c1\u03bf \u03b2\u03b1\u03c3\u03b7 \u03c4\u03b9\u03bc\u03b7\u03c2 <img decoding=\"async\" src=\"http:\/\/www.lwplayer.tk\/img\/productos\/fp1\/ales-negres-75-cl__VCA8533-1.jpg\" alt=\"espaces rencontres sylvie barde\" align=\"right\"> \u03b5\u03bd\u03b1\u03bb\u03bb\u03b1\u03ba\u03c4\u03b5\u03c2 \u03b8\u03b5\u03c1\u03bc\u03bf\u03c4\u03b7\u03c4\u03b1\u03c2 \u03c4\u03b6\u03b1\u03ba\u03b9\u03bf\u03c5 \u03b1\u03b5\u03c1\u03b1 The product is already in the wishlist! Atlanti Culture Un am\u00e9ricain bien tranquille de Graham Greene : une fable universelle Acc\u00e9dez aux donn\u00e9es historiques en illimit\u00e9 et sans publicit\u00e9. \u039f\u03b1\u03c3\u03b8 \u03b4\u03c9\u03c1\u03b5\u03b1\u03bd \u03b1\u03bd\u03b5\u03c1\u03b3\u03bf\u03c5\u03c2 The product is already in the wishlist! \u03b1\u03bd\u03b1\u03ba\u03c5\u03ba\u03bb\u03c9\u03c3\u03b7 \u03c1\u03bf\u03c5\u03c7\u03c9\u03bd zara \u03c3\u03cd\u03bb\u03bb\u03bf\u03b3\u03bf\u03c2 \u03b5\u03bd\u03b5\u03c1\u03b3\u03b5\u03b9\u03b1\u03ba\u03ce\u03bd \u03b5\u03c0\u03b9\u03b8\u03b5\u03c9\u03c1\u03b7\u03c4\u03ce\u03bd \u03b5\u03bb\u03bb\u03ac\u03b4\u03bf\u03c2 7,60 \u03bc\u03b1\u03c1\u03b9\u03bd\u03b1\u03b4\u03b1 \u03b3\u03b9\u03b1 \u03c7\u03bf\u03b9\u03c1\u03b9\u03bd\u03bf \u03c3\u03c4\u03b1 \u03ba\u03b1\u03c1\u03b2\u03bf\u03c5\u03bd\u03b1 Acc\u00e9dez aux donn\u00e9es historiques en illimit\u00e9 et sans publicit\u00e9.   \u03ba\u03bf\u03c4\u03bf\u03c0\u03bf\u03c5\u03bb\u03bf \u03b3\u03b9\u03bf\u03c5\u03b2\u03b5\u03c4\u03c3\u03b9 \u03b1\u03c1\u03b3\u03c5\u03c1\u03c9 \u03bc\u03c0\u03b1\u03c1\u03bc\u03c0\u03b1\u03c1\u03b9\u03b3\u03bf\u03c5 BACK TO MENU <img decoding=\"async\" src=\"http:\/\/www.sale.the5thcup.com\/assets\/kcfinder\/upload\/images\/Renault\/Renault%20Clio%20Estate\/nouvelle%20renault%20clio%20ESTATE.jpg\" alt=\"espaces rencontres sylvie barde\" align=\"right\"> Lannuaire Hoodspot : annuaire de r\u00e9f\u00e9rence des professionnels.<\/p>\n","protected":false},"excerpt":{"rendered":"<p>espaces rencontres sylvie barde<\/p>\n","protected":false},"author":1,"featured_media":0,"comment_status":"closed","ping_status":"closed","sticky":false,"template":"","format":"standard","meta":[],"categories":[1],"tags":[],"_links":{"self":[{"href":"http:\/\/school3.krasnoturinsk.org\/info\/wp-json\/wp\/v2\/posts\/9447"}],"collection":[{"href":"http:\/\/school3.krasnoturinsk.org\/info\/wp-json\/wp\/v2\/posts"}],"about":[{"href":"http:\/\/school3.krasnoturinsk.org\/info\/wp-json\/wp\/v2\/types\/post"}],"author":[{"embeddable":true,"href":"http:\/\/school3.krasnoturinsk.org\/info\/wp-json\/wp\/v2\/users\/1"}],"replies":[{"embeddable":true,"href":"http:\/\/school3.krasnoturinsk.org\/info\/wp-json\/wp\/v2\/comments?post=9447"}],"version-history":[{"count":1,"href":"http:\/\/school3.krasnoturinsk.org\/info\/wp-json\/wp\/v2\/posts\/9447\/revisions"}],"predecessor-version":[{"id":9448,"href":"http:\/\/school3.krasnoturinsk.org\/info\/wp-json\/wp\/v2\/posts\/9447\/revisions\/9448"}],"wp:attachment":[{"href":"http:\/\/school3.krasnoturinsk.org\/info\/wp-json\/wp\/v2\/media?parent=9447"}],"wp:term":[{"taxonomy":"category","embeddable":true,"href":"http:\/\/school3.krasnoturinsk.org\/info\/wp-json\/wp\/v2\/categories?post=9447"},{"taxonomy":"post_tag","embeddable":true,"href":"http:\/\/school3.krasnoturinsk.org\/info\/wp-json\/wp\/v2\/tags?post=9447"}],"curies":[{"name":"wp","href":"https:\/\/api.w.org\/{rel}","templated":true}]}}