{"id":9419,"date":"2020-07-05T17:35:10","date_gmt":"2020-07-05T17:35:10","guid":{"rendered":"http:\/\/school3.krasnoturinsk.org\/info\/?p=9419"},"modified":"2020-06-28T13:18:04","modified_gmt":"2020-06-28T13:18:04","slug":"rencontre-du-cinema-de-montagne-grenoble-2011","status":"publish","type":"post","link":"http:\/\/school3.krasnoturinsk.org\/info\/2020\/07\/05\/rencontre-du-cinema-de-montagne-grenoble-2011\/","title":{"rendered":"Rencontre Du Cin\u00e9ma De Montagne Grenoble 2011"},"content":{"rendered":"<p>Dans le cadre de HISTOIRES DE FEMMES : temps cin\u00e9matographique avec lassociation \u00c9CRAN LIBRE autour de petites et grandes histoires de femmes marocaines. Discussion en pr\u00e9sence du cin\u00e9aste Mohammed Chrif Tribak. Vous souhaitez voir les promotions du mois : cliquez sur JEN PROFITE Exp\u00e9riences administratives et culturelles \u00e0 l\u00e9tranger Lieux de consultation : Bois dArcy Yvelines ; CNC \u00e0 la BnF Paris ALCHIMIE COMBO 26 Antoine Boisselier et Guillaume Chatain France 2012 Vendredi 19 et samedi 20 octobre 2012-R\u00e9trospective Emile Cohl \u00e0 la Slovenka Kinoteka de Ljubljana Slov\u00e9nie <img decoding=\"async\" src=\"http:\/\/www.cinema-montagne-grenoble.fr\/wp-content\/uploads\/2009\/09\/carrel.jpg\" alt=\"rencontre du cin\u00e9ma de montagne grenoble 2011\" align=\"left\">  Calino re\u00e7oit des amis \u00e0 d\u00e9jeuner. Comme madame Calino refuse de se mettre au fourneau, cest donc Calino qui fera lomelette. Mais on ne simprovise pas cuisinier aussi facilement. Appartenance \u00e0 des conseils et comit\u00e9s par le pass\u00e9 : Le p\u00e8re Le Goff, propri\u00e9taire dun vivier pr\u00e8s de Roscoff, voit ses affaires prosp\u00e9rer gr\u00e2ce \u00e0 laide de Yannic qui commande son bateau. Le vieil homme est rapidement s\u00e9duit par les offres all\u00e9chantes de K\u00e9ridou, un individu douteux qui lui propose une association. Le Goff envisage m\u00eame de lui donner sa fille Anne-Marie en mariage, alors que celle-ci souhaite \u00e9pouser Yannic. M\u00e9fiant, le jeune p\u00eacheur d\u00e9couvre les man\u0153uvres malhonn\u00eates de K\u00e9ridou qui tente de se d\u00e9barrasser de lui en le jetant \u00e0 la mer. Les douaniers retrouvent Yannic et arr\u00eatent le malfaiteur. Le p\u00e8re Le Goff se reprend, donne sa fille \u00e0 Yannic et lassocie au vivier.  Une semaine daventure \u00e0 Cranves-Sales, avec un film par soir\u00e9e..et Trango sera diffus\u00e9 le mercredi 20 f\u00e9vrier \u00e0 20H30, \u00e0 la Maison des soci\u00e9t\u00e9s, entr\u00e9e gratuite. En pr\u00e9sence du r\u00e9alisateur, Denis Roy. Javoue que je suis un peu d\u00e9stabilis\u00e9e au d\u00e9part, je suis impressionn\u00e9e. Il sinstalle sur le ventre, mais refuse que je lui couvre les fesses. Puis il se retourne, et refuse encore une fois la serviette Il a ensuite pris mes mains pour les diriger vers son sexe avant de me dire de lui faire des bisous. Je dis stop, il insiste, et j\u00e9courte le massage, raconte-t-elle au Parisien, avant de continuer : ensuite, il arrive par-derri\u00e8re, mattrape les poignets et se colle \u00e0 moi, toujours nu sous son peignoir. Je me suis \u00e9nerv\u00e9e et lui ai demand\u00e9 de me l\u00e2cher. Elle explique regretter de ne pas avoir port\u00e9 plainte, pour lui faire prendre conscience. M\u00eame si cest une c\u00e9l\u00e9brit\u00e9, il ne faut pas avoir peur, conclut la masseuse. Floriane a adress\u00e9 un message sur la liste EducAlpes, annon\u00e7ant son d\u00e9part du vers un autre poste, et donc la fin de sa participation au Conseil dAdministration CA du REEMA au nom du CREA. Depuis la page Facebook de la ville, les \u0153uvres de la cin\u00e9math\u00e8que, les archives des rencontres du Cin\u00e9ma de Montagne, du Festival de Court M\u00e9trage sont rendues accessibles. Certains cin\u00e9mas vont \u00e9galement participer \u00e0 cette initiative. Mise \u00e0 larr\u00eat des chantiers et soutiens \u00e9conomiques Pour qui travaille-t-on? Pourquoi? Dans le d\u00e9dale des machines de lusine Basaltine, les hommes sinterrogent. <img decoding=\"async\" src=\"http:\/\/www.life.alwaysgreatsmile.com\/wp-content\/uploads\/2016\/10\/31-10-16-gendarme-485x300.jpg\" alt=\"rencontre du cin\u00e9ma de montagne grenoble 2011\" align=\"center\"> Biblioth\u00e8que Anglet 64 page 9, programmation le mois de limage 25052014 X. World Congress High Altitude Medicine and Physiology Mountain Emergency Medicine Achetez et faites d\u00e9dicacer les DVD des r\u00e9alisateurs invit\u00e9s aux Rencontres en partenariat avec la librairie Arthaud. Rendez-vous sur le stand du FODACIM. Le 9 septembre 1898, St\u00e9phane Mallarm\u00e9 meurt sans avoir achev\u00e9 son po\u00e8me H\u00e9rodiade commenc\u00e9 trente-quatre ans plut\u00f4t \u00e0 Tournon-sur-Rh\u00f4ne, sous-pr\u00e9fecture de lArd\u00e8che.  <img decoding=\"async\" src=\"http:\/\/lunxdsbrunn.tk\/wp-content\/uploads\/2018\/07\/IMG_2568-2-800x321.jpg\" alt=\"rencontre du cin\u00e9ma de montagne grenoble 2011\" align=\"center\"> Histoire, litt\u00e9rature, v\u00e9rit\u00e9, s\u00e9minaire commun historiens CRHIPA et italianistes GERCI, UFR Sciences humaines, Grenoble, 25 janvier 2007. Le M\u00e9morial de la R\u00e9sistance en Vercors rend m\u00e9moire aux \u00e9v\u00e8nements tragiques du Vercors pendant la Seconde Guerre Mondiale. Le Massif du Vercors est un massif des Pr\u00e9alpes, entre lIs\u00e8re et la Dr\u00f4me. Haut lieu de la R\u00e9sistance dans les ann\u00e9es 1940, le Vercors a perdu de nombreux maquisards et civils. La commune de Vassieux-en-Vercors accueille le M\u00e9morial de la R\u00e9sistance depuis le 21 Juillet 1994. Le choix de limplantation na pas \u00e9t\u00e9 fait au hasard. Le site choisi, situ\u00e9 en bordure de falaise, offre une vue sur le Massif du Vercors et sur le champ de bataille de Juillet 1944. Dissimul\u00e9 dans le paysage, le b\u00e2timent du M\u00e9morial plonge les visiteurs dans la vie des maquis. La visite est une mus\u00e9ographie moderne, alliant limage et le son pour des t\u00e9moignages poignants et des photos remplis d\u00e9motions. Les Rencontres du Cin\u00e9ma de Montagne de Grenoble, le rendez-vous des passionn\u00e9es de montagnes au c\u0153ur des Alpes 15 La perception de lalt\u00e9rit\u00e9 italienne par les voyageurs marchands fran\u00e7ais dans la seconde moiti\u00e9 du XVIII e si\u00e8cle, dans Emanuele Kanceff, dir, Lo sguardo che viene di lontano : lalterit\u00e0 e le sue letture. Riflessioni e problemi in un mondo che cambia actes du colloque de Turin, 25-27 mars 1999, Moncalieri, CIRVI, Biblioteca del Viaggio in Italia, n 59, 2001, vol. 2, pp 801-848. Du 15 au 17 septembre 2006-DRAC de la R\u00e9union-cycle R\u00e9union et Madagascar La R\u00e9union, France une s\u00e9ance anim\u00e9e et organis\u00e9e avec lassociation AFDN Ascension \u00e0 la Dent du G\u00e9ant 1911, r\u00e9alis\u00e9 Mario Piancenza.<\/p>\n","protected":false},"excerpt":{"rendered":"<p>rencontre du cin\u00e9ma de montagne grenoble 2011<\/p>\n","protected":false},"author":1,"featured_media":0,"comment_status":"closed","ping_status":"closed","sticky":false,"template":"","format":"standard","meta":[],"categories":[1],"tags":[],"_links":{"self":[{"href":"http:\/\/school3.krasnoturinsk.org\/info\/wp-json\/wp\/v2\/posts\/9419"}],"collection":[{"href":"http:\/\/school3.krasnoturinsk.org\/info\/wp-json\/wp\/v2\/posts"}],"about":[{"href":"http:\/\/school3.krasnoturinsk.org\/info\/wp-json\/wp\/v2\/types\/post"}],"author":[{"embeddable":true,"href":"http:\/\/school3.krasnoturinsk.org\/info\/wp-json\/wp\/v2\/users\/1"}],"replies":[{"embeddable":true,"href":"http:\/\/school3.krasnoturinsk.org\/info\/wp-json\/wp\/v2\/comments?post=9419"}],"version-history":[{"count":1,"href":"http:\/\/school3.krasnoturinsk.org\/info\/wp-json\/wp\/v2\/posts\/9419\/revisions"}],"predecessor-version":[{"id":9420,"href":"http:\/\/school3.krasnoturinsk.org\/info\/wp-json\/wp\/v2\/posts\/9419\/revisions\/9420"}],"wp:attachment":[{"href":"http:\/\/school3.krasnoturinsk.org\/info\/wp-json\/wp\/v2\/media?parent=9419"}],"wp:term":[{"taxonomy":"category","embeddable":true,"href":"http:\/\/school3.krasnoturinsk.org\/info\/wp-json\/wp\/v2\/categories?post=9419"},{"taxonomy":"post_tag","embeddable":true,"href":"http:\/\/school3.krasnoturinsk.org\/info\/wp-json\/wp\/v2\/tags?post=9419"}],"curies":[{"name":"wp","href":"https:\/\/api.w.org\/{rel}","templated":true}]}}