{"id":9247,"date":"2020-07-05T13:52:23","date_gmt":"2020-07-05T13:52:23","guid":{"rendered":"http:\/\/school3.krasnoturinsk.org\/info\/?p=9247"},"modified":"2020-06-28T04:19:25","modified_gmt":"2020-06-28T04:19:25","slug":"rencontre-aidants-familiaux","status":"publish","type":"post","link":"http:\/\/school3.krasnoturinsk.org\/info\/2020\/07\/05\/rencontre-aidants-familiaux\/","title":{"rendered":"Rencontre Aidants Familiaux"},"content":{"rendered":"<p>Des actions sur les territoires au plus pr\u00e8s des aidants familiaux : Centre Social du Planty, 55 rue du Planty 49300 Cholet 20h de formation, soit 10 modules sur 3 jours. Organisation dune session de formation par an. Linscription est obligatoire aupr\u00e8s de la d\u00e9l\u00e9gation d\u00e9partementale <img decoding=\"async\" src=\"http:\/\/www.lamaisondesaidants.com\/wp-content\/uploads\/2016\/06\/Allo-Aidant.png\" alt=\"rencontre aidants familiaux\" align=\"left\"> Plusieurs figures du handisport apporteront leur soutien \u00e0 Faites du Sport Handi! 2016. Parmi elles : Hyacinthe Deleplace double m\u00e9daill\u00e9 de bronze aux mondiaux dathl\u00e9tismes de Parilly en 2013, J\u00e9r\u00f4me Elbrycht ski-cross ou Sylvain Br\u00e9chet triple champion de France de snowboard cross. Votre proche est atteint de troubles psychiques s\u00e9v\u00e8res. Vous cherchez une \u00e9coute, des informations, de laide dans vos d\u00e9marches. Lassociation peut vous recevoir sur rendez-vous le 2e et le 4e jeudi du mois mais aussi en dehors des permanences. REGARDS CROISES SUR DES PRATIQUES DACCOMPAGNEMENT, <img decoding=\"async\" src=\"http:\/\/fondationmaisongillescarle.org\/wp-content\/uploads\/2017\/07\/aidant-naturel-1.jpg\" alt=\"rencontre aidants familiaux\" align=\"right\"> Ces caf\u00e9s sont anim\u00e9s par une psychologue et une aide-soignante. Date : Un Lundi par mois de 14h30 \u00e0 16h30. Reprise au 2\u00e8me semestre 2020 selon \u00e9volution de la situation li\u00e9e au COVID 19 Coronavirus : plus aucun \u00e9v\u00e9nement dans les paroisses du dioc\u00e8se de Fr\u00e9jus-Toulon \u00e0 partir du 15 mars 2020 et jusqu\u00e0 nouvel ordre Temps de pause dans un lieu neutre et prot\u00e9g\u00e9 par des r\u00e8gles de bienveillance, de non jugement et de confidentialit\u00e9 entre participants. Que peuvent se poser les structures de linsertion par lactivit\u00e9 \u00e9conomique SIAE, les entreprises adapt\u00e9es et les employeurs qui recrutent dans le cadre du parcours emploi comp\u00e9tences PEC. Animations ouvertes \u00e0 toutes les personnes touch\u00e9es par une perte dautonomie n\u00e9cessitant laide dune tierce personne pour les actes de la vie quotidienne intervention dun SSIAD, dun autre service, dun infirmier lib\u00e9ral et ou dun aidant vivant \u00e0 domicile ou en r\u00e9sidence non m\u00e9dicalis\u00e9e et \u00e0 ses aidants.  Votre proche est atteint de troubles psychiques s\u00e9v\u00e8res. Vous cherchez une \u00e9coute, des informations, de laide dans vos d\u00e9marches. Lassociation peut vous recevoir sur rendez-vous. Pour les salari\u00e9s-environ 60 des aidants travaillent, le gouvernement rappelle dans cette strat\u00e9gie que le cong\u00e9 proche aidant de trois mois, fractionnable, sera indemnis\u00e9 en 2020. <img decoding=\"async\" src=\"http:\/\/www.allier.fr\/uploads\/Image\/f1\/1156_756_accueil-familial.jpg\" alt=\"rencontre aidants familiaux\" align=\"left\"> Un projet daccompagnement personnalis\u00e9 est ensuite co-construit avec le futur r\u00e9sident.  .<\/p>\n","protected":false},"excerpt":{"rendered":"<p>rencontre aidants familiaux<\/p>\n","protected":false},"author":1,"featured_media":0,"comment_status":"closed","ping_status":"closed","sticky":false,"template":"","format":"standard","meta":[],"categories":[1],"tags":[],"_links":{"self":[{"href":"http:\/\/school3.krasnoturinsk.org\/info\/wp-json\/wp\/v2\/posts\/9247"}],"collection":[{"href":"http:\/\/school3.krasnoturinsk.org\/info\/wp-json\/wp\/v2\/posts"}],"about":[{"href":"http:\/\/school3.krasnoturinsk.org\/info\/wp-json\/wp\/v2\/types\/post"}],"author":[{"embeddable":true,"href":"http:\/\/school3.krasnoturinsk.org\/info\/wp-json\/wp\/v2\/users\/1"}],"replies":[{"embeddable":true,"href":"http:\/\/school3.krasnoturinsk.org\/info\/wp-json\/wp\/v2\/comments?post=9247"}],"version-history":[{"count":1,"href":"http:\/\/school3.krasnoturinsk.org\/info\/wp-json\/wp\/v2\/posts\/9247\/revisions"}],"predecessor-version":[{"id":9248,"href":"http:\/\/school3.krasnoturinsk.org\/info\/wp-json\/wp\/v2\/posts\/9247\/revisions\/9248"}],"wp:attachment":[{"href":"http:\/\/school3.krasnoturinsk.org\/info\/wp-json\/wp\/v2\/media?parent=9247"}],"wp:term":[{"taxonomy":"category","embeddable":true,"href":"http:\/\/school3.krasnoturinsk.org\/info\/wp-json\/wp\/v2\/categories?post=9247"},{"taxonomy":"post_tag","embeddable":true,"href":"http:\/\/school3.krasnoturinsk.org\/info\/wp-json\/wp\/v2\/tags?post=9247"}],"curies":[{"name":"wp","href":"https:\/\/api.w.org\/{rel}","templated":true}]}}