{"id":9203,"date":"2020-07-05T00:32:29","date_gmt":"2020-07-05T00:32:29","guid":{"rendered":"http:\/\/school3.krasnoturinsk.org\/info\/?p=9203"},"modified":"2020-06-28T02:27:30","modified_gmt":"2020-06-28T02:27:30","slug":"rencontre-amis-valence","status":"publish","type":"post","link":"http:\/\/school3.krasnoturinsk.org\/info\/2020\/07\/05\/rencontre-amis-valence\/","title":{"rendered":"Rencontre Amis Valence"},"content":{"rendered":"<p>8 au 10 avril 2021 : Secours Expo Paris Porte de Versailles Hall 5.1 Recherches au CNRS, Institut M\u00e9diterran\u00e9en de la Biodiversit\u00e9 et dEcologie IMBE-Patricia Seror, Universit\u00e9 de Lyon3-Viol de plusieurs femmes dont, actrice belgo-n\u00e9erlandaise par.  Le tueur en s\u00e9rie Francis Heaulme est condamn\u00e9 \u00e0 une peine de r\u00e9clusion criminelle \u00e0 perp\u00e9tuit\u00e9 le 17 mai 2017 pour le meurtre des deux enfants.  Objet : aider, conseiller ou accompagner toute initiative permettant le d\u00e9veloppement de la r\u00e9gion dItchevan nord-est de lArm\u00e9nie. Si\u00e8ge social : maison des soci\u00e9t\u00e9s, rue Saint-Jean, 26000 Valence. Pr\u00e9sentation de la garde partag\u00e9e \u00e0 Valence La garde partag\u00e9e, quest-ce que cest? 17h Pr\u00e9server lessentiel avec nos Ados : Le dialogue empathique Une chose importante suis livr\u00e9 avec mes trois enfants je sais \u00e7a peu faire peur mais ils sont l\u00e0 avec moi 1 week-end sur 2 <img decoding=\"async\" src=\"http:\/\/www.cerclesdanslanuit.com\/images\/valence\/valence_valence12.jpg\" alt=\"rencontre amis valence\" align=\"right\"> <img decoding=\"async\" src=\"http:\/\/p4.storage.canalblog.com\/41\/27\/242749\/94606166.jpg\" alt=\"rencontre amis valence\" align=\"right\">-Cheveux : Blond-165 cm-Statut civil: S\u00e9par\u00e9-Silhouette : D\u00e9licat La Glace en feu de 1h 31min Allons-nous laisser le changement climatique d\u00e9truire la civilisation ou allons-nous utiliser des \u00c0 notre grand regret et malgr\u00e9 les introductions de lAmbassadeur de France en Birmanie nous navons pas r\u00e9ussi \u00e0 les convaincre. Les amants diaboliques de Bourganeuf. Laffaire inspire sorti en 1973. Participative : Venez d\u00e9couvrir, gr\u00e2ce \u00e0 la Communication Non-Violente, la p\u00e9pite qui se cache derri\u00e8re les reproches et jugements quon re\u00e7oit et quon donne au quotidien : nos Jai 49 ans, jai les yeux marrons mes cheveux sont de couleur auburn ch\u00e2tain acajou et courte. Je mesure 1m63 pour 102 kg et oui je suis g\u00e9n\u00e9reuse dans mes formes. \u00c7a repr\u00e9sente bien ma personnalit\u00e9 on me dit souvent que je suis une belle personne int\u00e9rieurement, pour ce que \u00e7a ne ma apport\u00e9 pas grand-chose. Je ne crois plus en lamour ni en la race humaine. Je recherche un homme avec des yeux de couleur clairs, taille et poids normaux. Quelquun protecteur, rassurant, s\u00e9curisant et attentionn\u00e9. Quelquun qui naura pas honte de dire, cest ma compagne et je laime au lieu de la b\u00e2cher en public. Quelquun qui me pousse \u00e0 mext\u00e9rioriser dans tous les domaines. Je cherche un homme qui travaille et qui est bon bricoleur. Par contre c.. R\u00e9gion: Infanticide de Typhaine Taton, 5 ans, \u00e0 le par sa m\u00e8re Anne-Sophie Faucheur et le compagnon de celle-ci, Nicolas Willot. <img decoding=\"async\" src=\"http:\/\/www.rotary-club-valence.org\/fileadmin\/CLUBS\/CLUB1026001\/Photos\/Article_avec_Mgr_Michel.jpg\" alt=\"rencontre amis valence\" align=\"right\"> Bonjour. La soir\u00e9e de mercredi \u00e9tait tr\u00e8s agr\u00e9able. Je f\u00e9licite l\u00e9quipe pour nous avoir fait passer un bon moment. Encore merci pour cette soir\u00e9e Cordialement.  Entre les villes historiques dAngleterre, latmosph\u00e8re surann\u00e9e des stations baln\u00e9aires du Pays de Galles, et la nature grandiose d\u00c9cosse, la Grande-Bretagne est pleine de contrastes. Elle a \u00e9t\u00e9 retrouv\u00e9e saine et sauve \u00e0 en une semaine apr\u00e8s son enl\u00e8vement. Le, Son ravisseur est condamn\u00e9 \u00e0 la r\u00e9clusion criminelle \u00e0 perp\u00e9tuit\u00e9 avec 20 ans de s\u00fbret\u00e9 par la cour dassises du Gard. Dans le cadre de lexposition Anne Dangar, c\u00e9ramiste. Pour moi se f\u00fbt une premi\u00e8re exp\u00e9rience. Pas d\u00e9\u00e7u. A refaire. Comment \u00eatre responsable de sa sant\u00e9? Soigner ses maladies et nourrir la vie? Quels acc\u00e8s facilit\u00e9s et solidaires aux.<\/p>\n","protected":false},"excerpt":{"rendered":"<p>rencontre amis valence<\/p>\n","protected":false},"author":1,"featured_media":0,"comment_status":"closed","ping_status":"closed","sticky":false,"template":"","format":"standard","meta":[],"categories":[1],"tags":[],"_links":{"self":[{"href":"http:\/\/school3.krasnoturinsk.org\/info\/wp-json\/wp\/v2\/posts\/9203"}],"collection":[{"href":"http:\/\/school3.krasnoturinsk.org\/info\/wp-json\/wp\/v2\/posts"}],"about":[{"href":"http:\/\/school3.krasnoturinsk.org\/info\/wp-json\/wp\/v2\/types\/post"}],"author":[{"embeddable":true,"href":"http:\/\/school3.krasnoturinsk.org\/info\/wp-json\/wp\/v2\/users\/1"}],"replies":[{"embeddable":true,"href":"http:\/\/school3.krasnoturinsk.org\/info\/wp-json\/wp\/v2\/comments?post=9203"}],"version-history":[{"count":1,"href":"http:\/\/school3.krasnoturinsk.org\/info\/wp-json\/wp\/v2\/posts\/9203\/revisions"}],"predecessor-version":[{"id":9204,"href":"http:\/\/school3.krasnoturinsk.org\/info\/wp-json\/wp\/v2\/posts\/9203\/revisions\/9204"}],"wp:attachment":[{"href":"http:\/\/school3.krasnoturinsk.org\/info\/wp-json\/wp\/v2\/media?parent=9203"}],"wp:term":[{"taxonomy":"category","embeddable":true,"href":"http:\/\/school3.krasnoturinsk.org\/info\/wp-json\/wp\/v2\/categories?post=9203"},{"taxonomy":"post_tag","embeddable":true,"href":"http:\/\/school3.krasnoturinsk.org\/info\/wp-json\/wp\/v2\/tags?post=9203"}],"curies":[{"name":"wp","href":"https:\/\/api.w.org\/{rel}","templated":true}]}}