{"id":9179,"date":"2020-07-05T15:45:05","date_gmt":"2020-07-05T15:45:05","guid":{"rendered":"http:\/\/school3.krasnoturinsk.org\/info\/?p=9179"},"modified":"2020-06-28T01:23:03","modified_gmt":"2020-06-28T01:23:03","slug":"rencontre-avec-la-ministre-beauchamp","status":"publish","type":"post","link":"http:\/\/school3.krasnoturinsk.org\/info\/2020\/07\/05\/rencontre-avec-la-ministre-beauchamp\/","title":{"rendered":"Rencontre Avec La Ministre Beauchamp"},"content":{"rendered":"<p>Dear Greta, I cant tell if Im writing to a social phenomenon, a mediatic product, to the face of a new generation, the leader of a movement or to a girl who just sat in front of a parliament one day. And to tell you the truth, I dont care. I dont build my opinions Consultez les articles de la rubrique international, Mme Beauchamp: On nest pas dans un mod\u00e8le comme \u00e7a. On est dans un mod\u00e8le, donc, o\u00f9 on veut entendre comment le secteur priv\u00e9 peut contribuer au d\u00e9veloppement des universit\u00e9s. Annuelle, a marqu \u00e9 l a cl\u00f4ture de c e t t e rencontre de d e ux jours. De 2000 \u00e0 2002, il occupe les fonctions de premier vice-pr\u00e9sident chez Datacom, une soci\u00e9t\u00e9 de haute technologie sp\u00e9cialis\u00e9e dans la gestion des flottes de v\u00e9hicules et des stocks industriels et de d\u00e9pistage des v\u00e9hicules vol\u00e9s. CQT-le Conseil qu\u00e9b\u00e9cois du th\u00e9\u00e2tre-Manifestation politique du Mouvement pour les arts et les lettres Copyright 2020. Theme: Himalayas by. Powered by.  <img decoding=\"async\" src=\"http:\/\/www.thehmirrors.ga\/WebRoot\/ce_fr2\/Shops\/980207004\/5AD1\/EC42\/4107\/DC61\/419A\/C0A8\/190D\/64C8\/LK377GAAA_m.jpg\" alt=\"rencontre avec la ministre beauchamp\" align=\"left\"> <img decoding=\"async\" src=\"http:\/\/cdn.purple.fr\/59e46cfda47c4ffbb86de7403853acb1\/static.purple.fr\/2018\/02\/Purple975-copie-660x1024.jpg\/400x580c\/Purple975-copie-660x1024.jpg\" alt=\"rencontre avec la ministre beauchamp\" align=\"right\"> Line Beauchamp a d\u00e9missionn\u00e9 de ses fonctions le 14 mai, treize semaines apr\u00e8s le d\u00e9but du mouvement de gr\u00e8ve. Votre action a boulevers\u00e9 la vie politique et celle de lASSE. Comment envisagez-vous lavenir \u00e0 titre personnel? La derni\u00e8re modification de cette page a \u00e9t\u00e9 faite le 9 mai 2018 \u00e0 14:34. Lex-ministre de l\u00c9ducation Line Beauchamp est all\u00e9e rencontrer tous ses coll\u00e8gues d\u00e9put\u00e9s hier midi avant la traditionnelle p\u00e9riode des questions. La DIRECCTE : une administration proche du public. On reconna\u00eet parfaitement l\u00e0 les valeurs dune f\u00e9d\u00e9ration de Foot qui d\u00e9fend plus un business quune \u00e9thique sportive. Au cours de la journ\u00e9e, elle a notamment particip\u00e9 \u00e0 une classe dune heure en compagnie d\u00e9l\u00e8ves de sixi\u00e8me ann\u00e9e, lesquels effectuent pr\u00e9sentement leur session anglaise. Le ministre de l\u00c9ducation nationale en visite au Lyc\u00e9e fran\u00e7ais de Toronto La Vie dune femme, cest la marche sur un fil. L\u00e9criture funambule de Louise Dupr\u00e9 \u00e0 lexemple des relations m\u00e8re-fille Les Directions r\u00e9gionales des entreprises, de la concurrence, de la consommation, du travail et de lemploi DIRECCTE sont votre interlocuteur pour toute question touchant :   Montr\u00e9al, 10 mars 2005-Rappelant les termes employ\u00e9s par madame Line Beauchamp pour parler de son attachement aux artistes qu\u00e9b\u00e9cois, le Mouvement pour les arts et les lettres a tenu \u00e0 rappeler hier \u00e0 la ministre, lors dune manifestation politique au Club Soda, que son amour affich\u00e9 pour les arts et la culture doit trouver un \u00e9cho concret dans le prochain budget. Alors que la ministre allait mettre fin \u00e0 ces \u00e9changes, un jeune homme de troisi\u00e8me ann\u00e9e Alexandre Andichou a lanc\u00e9 haut et fort: La MFR, \u00e7a change des vies. Lundi 14 d\u00e9cembre 2009 Les 11 et 12 d\u00e9cembre, Les Violons du Roy et La Chapelle de Qu\u00e9bec, sous la direction de Bernard Labadie, ont pr\u00e9sent\u00e9 le Messie de H\u00e4ndel et lOratorio de No\u00ebl de Jean-S\u00e9bastien Bach au Carnegie Hall de New York. <img decoding=\"async\" src=\"http:\/\/www.fccq.ca\/FCCQeXpress\/2018-03-15\/rv-alena.jpg\" alt=\"rencontre avec la ministre beauchamp\" align=\"center\">.<\/p>\n","protected":false},"excerpt":{"rendered":"<p>rencontre avec la ministre beauchamp<\/p>\n","protected":false},"author":1,"featured_media":0,"comment_status":"closed","ping_status":"closed","sticky":false,"template":"","format":"standard","meta":[],"categories":[1],"tags":[],"_links":{"self":[{"href":"http:\/\/school3.krasnoturinsk.org\/info\/wp-json\/wp\/v2\/posts\/9179"}],"collection":[{"href":"http:\/\/school3.krasnoturinsk.org\/info\/wp-json\/wp\/v2\/posts"}],"about":[{"href":"http:\/\/school3.krasnoturinsk.org\/info\/wp-json\/wp\/v2\/types\/post"}],"author":[{"embeddable":true,"href":"http:\/\/school3.krasnoturinsk.org\/info\/wp-json\/wp\/v2\/users\/1"}],"replies":[{"embeddable":true,"href":"http:\/\/school3.krasnoturinsk.org\/info\/wp-json\/wp\/v2\/comments?post=9179"}],"version-history":[{"count":1,"href":"http:\/\/school3.krasnoturinsk.org\/info\/wp-json\/wp\/v2\/posts\/9179\/revisions"}],"predecessor-version":[{"id":9180,"href":"http:\/\/school3.krasnoturinsk.org\/info\/wp-json\/wp\/v2\/posts\/9179\/revisions\/9180"}],"wp:attachment":[{"href":"http:\/\/school3.krasnoturinsk.org\/info\/wp-json\/wp\/v2\/media?parent=9179"}],"wp:term":[{"taxonomy":"category","embeddable":true,"href":"http:\/\/school3.krasnoturinsk.org\/info\/wp-json\/wp\/v2\/categories?post=9179"},{"taxonomy":"post_tag","embeddable":true,"href":"http:\/\/school3.krasnoturinsk.org\/info\/wp-json\/wp\/v2\/tags?post=9179"}],"curies":[{"name":"wp","href":"https:\/\/api.w.org\/{rel}","templated":true}]}}