{"id":86,"date":"2020-06-20T21:30:49","date_gmt":"2020-06-20T21:30:49","guid":{"rendered":"http:\/\/school3.krasnoturinsk.org\/info\/?p=86"},"modified":"2020-06-20T18:22:24","modified_gmt":"2020-06-20T18:22:24","slug":"rencontres-internationales-des-voitures-ecologiques-2011","status":"publish","type":"post","link":"http:\/\/school3.krasnoturinsk.org\/info\/2020\/06\/20\/rencontres-internationales-des-voitures-ecologiques-2011\/","title":{"rendered":"Rencontres Internationales Des Voitures Ecologiques 2011"},"content":{"rendered":"<p>AFP-Le groupe automobile PSA va faire venir des salari\u00e9s dune usine polonaise pour renforcer ses \u00e9quipes du site dHordain Nord, les syndicats d\u00e9non\u00e7ant jeudi \u00e0 lissue dun CSE une mesure qui laisse de c\u00f4t\u00e9 les int\u00e9rimaires. Il faut attendre plus de 80 ans avant la mise sur le march\u00e9, en grande s\u00e9rie, de la, fin 1997 au Japon, dans une version commercialis\u00e9e uniquement dans larchipel. La troisi\u00e8me version de la Prius mod\u00e8le NHW20 recevra le titre europ\u00e9en de en 2005. Dans le cadre de la 1\u00e8re journ\u00e9e de la qualit\u00e9 de lair, la Dreal a sollicit\u00e9 BME afin deffectuer une sensibilisation \u00e0 la mobilit\u00e9 \u00e9lectrique. Les agents pourront ainsi poser leur question sur le stand de BME et pourront dans la foul\u00e9e essayer les VE de la Dreal.  D\u00e9veloppement durable, des Transports et du Logement et du Secr\u00e9tariat La rencontre entre des hommes et des femmes de culture et de science de tous les continents et des responsables \u00e9conomiques et politiques dorganismes et dinstitutions vari\u00e9es, dans un lieu aussi prestigieux que le Centre culturel international de Cerisy-la-Salle, pendant pr\u00e8s dune semaine, a donn\u00e9 lieu \u00e0 de riches d\u00e9bats, mis en \u00e9vidence les probl\u00e8mes que partagent les diff\u00e9rentes soci\u00e9t\u00e9s face au choc des mobilit\u00e9s, et apporter des enseignements \u00e0 tous en prenant appui sur les sp\u00e9cificit\u00e9s ou les g\u00e9n\u00e9ralit\u00e9s des r\u00e9ponses. Ce s\u00e9minaire n\u00e9tait pas une fin en soi. Il a \u00e9t\u00e9 le premier \u00e9pisode, voire lacte fondateur, dune forme coll\u00e9giale de d\u00e9bat sur l\u00e9volution de notre soci\u00e9t\u00e9 et la mani\u00e8re dont elles g\u00e8rent les enjeux li\u00e9s au d\u00e9veloppement des mobilit\u00e9s. Le magazine Voiture Ecologique est sorti il y a quelques jours en kiosque. Il sagit du magazine papier d\u00e9di\u00e9 \u00e0 la voiture propre le plus complet et le plus abouti de France. Petit tour.. Le projet de la Commission Europ\u00e9enne Green Cars initiative <img decoding=\"async\" src=\"http:\/\/www.palais.mc\/medias_upload\/vos_fichiers\/archives\/1772_vignette.jpg\" alt=\"rencontres internationales des voitures ecologiques 2011\" align=\"left\"> <img decoding=\"async\" src=\"http:\/\/www.note.anglersacademy.org\/media\/01\/00\/2380204107.png\" alt=\"rencontres internationales des voitures ecologiques 2011\" align=\"center\"> v\u00e9hicules sur le salon du v\u00e9hicule \u00e9lectrique. ASKOLL, I AM ELECTRIC Contact :  Enfin, les consid\u00e9rations environnementales, \u00e9conomiques et pratiques devraient favoriser la location de voiture \u00e0 lavenir. Cest probablement la multiplication des formules en fonction des besoins qui rythmera lindustrie au fil des prochaines ann\u00e9es. Les fran\u00e7ais et la voiture \u00e9lectrique. Sondage LH2 publi\u00e9 dans le quotidien Metro vendredi 1er octobre 2010 \u00e0 d\u00e9couvrir. J AI ETE TRES SATISFAIT DE LA PRESTATION DES DEUX HOTESSES QUI ONT DISTRIBUE LES FLYERS DE MA BOUTIQUE DANS LE CENTRE VILLE A STRASBOURG. JE NHESITERAI PAS A FAIRE ENCORE APPEL A VOUS DANS LE FUTUR. Podcast Journal, linformation internationale diffus\u00e9e en podcast  Cet article vous a int\u00e9ress\u00e9 et vous pensez quil pourrait int\u00e9resser un de vos amis ou une de vos connaissances professionnelles! V\u00e9hicule urbain efficient. Solution de mobilit\u00e9 individuelle! Contact : Le VAE cest tout le plaisir du v\u00e9lo sans les efforts! Site Internet : Les \u00e9cosyst\u00e8mes africains absorberaient plus de carbone quils nen \u00e9mettent ; Ce constat est lun des principaux r\u00e9sultats du projet europ\u00e9en CarboAfrica. <img decoding=\"async\" src=\"http:\/\/www.moreno-web.net\/wordpress\/wp-content\/uploads\/2018\/06\/carlos-moreno-autolib.jpg\" alt=\"rencontres internationales des voitures ecologiques 2011\" align=\"right\">.<\/p>\n","protected":false},"excerpt":{"rendered":"<p>rencontres internationales des voitures ecologiques 2011<\/p>\n","protected":false},"author":1,"featured_media":0,"comment_status":"closed","ping_status":"closed","sticky":false,"template":"","format":"standard","meta":[],"categories":[1],"tags":[],"_links":{"self":[{"href":"http:\/\/school3.krasnoturinsk.org\/info\/wp-json\/wp\/v2\/posts\/86"}],"collection":[{"href":"http:\/\/school3.krasnoturinsk.org\/info\/wp-json\/wp\/v2\/posts"}],"about":[{"href":"http:\/\/school3.krasnoturinsk.org\/info\/wp-json\/wp\/v2\/types\/post"}],"author":[{"embeddable":true,"href":"http:\/\/school3.krasnoturinsk.org\/info\/wp-json\/wp\/v2\/users\/1"}],"replies":[{"embeddable":true,"href":"http:\/\/school3.krasnoturinsk.org\/info\/wp-json\/wp\/v2\/comments?post=86"}],"version-history":[{"count":1,"href":"http:\/\/school3.krasnoturinsk.org\/info\/wp-json\/wp\/v2\/posts\/86\/revisions"}],"predecessor-version":[{"id":87,"href":"http:\/\/school3.krasnoturinsk.org\/info\/wp-json\/wp\/v2\/posts\/86\/revisions\/87"}],"wp:attachment":[{"href":"http:\/\/school3.krasnoturinsk.org\/info\/wp-json\/wp\/v2\/media?parent=86"}],"wp:term":[{"taxonomy":"category","embeddable":true,"href":"http:\/\/school3.krasnoturinsk.org\/info\/wp-json\/wp\/v2\/categories?post=86"},{"taxonomy":"post_tag","embeddable":true,"href":"http:\/\/school3.krasnoturinsk.org\/info\/wp-json\/wp\/v2\/tags?post=86"}],"curies":[{"name":"wp","href":"https:\/\/api.w.org\/{rel}","templated":true}]}}