{"id":7189,"date":"2020-07-01T06:17:00","date_gmt":"2020-07-01T06:17:00","guid":{"rendered":"http:\/\/school3.krasnoturinsk.org\/info\/?p=7189"},"modified":"2020-06-24T22:32:33","modified_gmt":"2020-06-24T22:32:33","slug":"rencontres-alzheimer","status":"publish","type":"post","link":"http:\/\/school3.krasnoturinsk.org\/info\/2020\/07\/01\/rencontres-alzheimer\/","title":{"rendered":"Rencontres Alzheimer"},"content":{"rendered":"<p>Circulaire DGS SD6ADGASDSS n 2002-551 du 30 octobre 2002 sa participation aux rencontres d\u00e9quipe et de r\u00e9seau ponctuelles et pr\u00e9d\u00e9termin\u00e9es,  Abstract soumis au Congr\u00e8s Alzheimer des 13 et 14 d\u00e9cembre 2012 Diapos pr\u00e9sent\u00e9es au au Congr\u00e8s Alzheimer 13 d\u00e9cembre 2012 Cr\u00e9\u00e9s exp\u00e9rimentalement en 1994 pour la prise en charge des personnes touch\u00e9es par le VIH-Sida, les Appartements de Coordination Th\u00e9rapeutique ACT sont devenus, depuis les lois du 2 janvier 2002 r\u00e9novant lAction sociale et m\u00e9dico-sociale et du 17 janvier 2002 de modernisation sociale, des institutions m\u00e9dico-sociales financ\u00e9es par lAssurance-maladie. Lassociation Delta 7 \u00e0 Paris, qui accueille habituellement dans ses centres de jours des personnes atteintes par des troubles de la m\u00e9moire, maladie dAlzheimer ou autres maladies apparent\u00e9es, propose une webt\u00e9l\u00e9, avec deux programmes quotidiens r\u00e9alis\u00e9s par des professionnels de sant\u00e9 pour les s\u00e9niors. Les Caf\u00e9s m\u00e9moire itin\u00e9rants pour parler de la maladie dAlzheimer Pour plus de renseignements, t\u00e9l\u00e9chargez ou contactez les au 02 47 36 29 28 <img decoding=\"async\" src=\"http:\/\/3.bp.blogspot.com\/_igxQYJtcE6M\/SsccOyPCLdI\/AAAAAAAAAUY\/Z6y7ZzAnHqI\/s400\/Alzheimer+blog.jpg\" alt=\"rencontres alzheimer\" align=\"right\"> Le mardi 23 Octobre 2018, les \u00e9quipes des Grands Jardins et des Menhirs ont pu particip\u00e9 \u00e0 la rencontre inter-\u00e9tablissement organis\u00e9e par lOffice cantonal des sports au gymnase de Qu\u00e9dillac. Ils ont pu concourir dans la bonne humeur, bien encadr\u00e9s par les \u00e9l\u00e8ves de la MFR. Au programme des activit\u00e9s sportives : Aidez-nous \u00e0 am\u00e9liorer notre site en r\u00e9pondant \u00e0 notre questionnaire. Fourniture dune aide alimentaire \u00e0 plus de 200 personnes \u00e2g\u00e9es isol\u00e9es via des livraisons quodiennes \u00e0 domicile et une aide hygi\u00e8ne \u00e0 des personnes sdf sur Lyon. Livraison de 500 repas par jour aux soignants. Lobjectif est \u00e9galement de r\u00e9mun\u00e9rer lensemble des acteurs de la chaine pour une solidarit\u00e9 compl\u00e8te pendant l\u00e9pid\u00e9mie. Cette journ\u00e9e dinformations et de rencontres a lieu mercredi, de 10 \u00e0 18 heures, dans la salle des Colonnes. Au programme : une exposition, des informations sur laccompagnement des malades et le soutien aux aidants et aux familles, la pr\u00e9sentation du plan des maladies neuro-d\u00e9g\u00e9n\u00e9ratives 2014-2019 mais aussi des animations et ateliers activit\u00e9s m\u00e9moire, etc. Et beaucoup de rencontres avec diff\u00e9rents professionnels : l\u00e9quipe sp\u00e9cialis\u00e9e Alzheimer du SSIAD, lespace seniors info services, la biblioth\u00e8que municipale, lassociation LudoPerche, le CCAS, etc. Et des temps forts! \u00c9lodie Pelle, ergoth\u00e9rapeute au sein du service explique : A 10 heures et 15 heures, des d\u00e9bats auront lieu avec les professionnels, les gens pourront \u00e9changer avec eux, t\u00e9moigner et poser des questions. Mise en place dun caf\u00e9 num\u00e9rique pour maintenir le lien plusieurs fois par semaine, \u00e9tablir un \u00e9change collectif virtuel avec les nouveaux moyens de communication afin de rester au contact et mutualiser les courses de premi\u00e8res n\u00e9cessit\u00e9s, sur la commune de Saint Cyr de Salerne <img decoding=\"async\" src=\"http:\/\/culture-sante-aquitaine.com\/wp-content\/uploads\/2018\/05\/recto-programme.jpg\" alt=\"rencontres alzheimer\" align=\"right\"> Mort de la chanteuse qu\u00e9b\u00e9coise Ren\u00e9e Claude, emport\u00e9e par le coronavirus Nous organisons \u00e0 Lausanne, quatre fois par an des rencontres pour des proches de personnes atteintes dune d\u00e9mence fronto-temporale.  \u00c0 partir des ann\u00e9es 1960, lartiste reconnue chante les m\u00e9lodies originales compos\u00e9es par Michel Conte, St\u00e9phane Venne et Luc Plamondon. Les chansons Tu es noire en 1966 ou Viens faire un tour en 1967 rencontrent un immense succ\u00e8s. Tour \u00e0 tour, St\u00e9phane Venne et Luc Plamondon lui offrent les titres Cest notre f\u00eate aujourdhui, Quand le temps tournera au beau, Le monde est fou, Ce soir, je fais lamour avec toi, un gars comme toi, Si tu viens dans mon pays, etc. Des titres devenus cultes pour le public canadien. Ren\u00e9e Claude, une artiste touche-\u00e0-tout  En 2019, les Rencontres de la Fondation Alzheimer, cest toujours : La m\u00e9moire : nous sommes tr\u00e8s nombreux apr\u00e8s 50 ans \u00e0 nous plaindre de notre m\u00e9moire et bien s\u00fbr nous craignons tous d\u00eatre atteints dune Rencontre du Collectif Alzheimer Ensemble construisons lavenir SFGG Mat\u00e9riel de protection pour 30 infirmiers \u00e0 domicile qui apportent des soins \u00e0 400 patients dont certains sont atteints du coronavirus les patients non connus \u00e0 la Maison de sant\u00e9 des haras, qui se <img decoding=\"async\" src=\"http:\/\/www.asso-accueil-relais.fr\/Maison-des-Aidants\/images\/phocagallery\/salle.jpg\" alt=\"rencontres alzheimer\" align=\"right\"> Maladies de la m\u00e9moire : quels sont les int\u00e9r\u00eats deffectuer un diagnostic pr\u00e9coce? 1 POUR LE PATIENT anticiper soi-m\u00eame et librement son avenir Acte d\u00e9tat-civil, carte nationale didentit\u00e9, passeport, mariage, d\u00e9claration dune naissance et toutes les informations concernant l\u00e9tat-civil. P\u00f4le de psychiatrie du Groupe Hospitalier Nord-Essonne.<\/p>\n","protected":false},"excerpt":{"rendered":"<p>rencontres alzheimer<\/p>\n","protected":false},"author":1,"featured_media":0,"comment_status":"closed","ping_status":"closed","sticky":false,"template":"","format":"standard","meta":[],"categories":[1],"tags":[],"_links":{"self":[{"href":"http:\/\/school3.krasnoturinsk.org\/info\/wp-json\/wp\/v2\/posts\/7189"}],"collection":[{"href":"http:\/\/school3.krasnoturinsk.org\/info\/wp-json\/wp\/v2\/posts"}],"about":[{"href":"http:\/\/school3.krasnoturinsk.org\/info\/wp-json\/wp\/v2\/types\/post"}],"author":[{"embeddable":true,"href":"http:\/\/school3.krasnoturinsk.org\/info\/wp-json\/wp\/v2\/users\/1"}],"replies":[{"embeddable":true,"href":"http:\/\/school3.krasnoturinsk.org\/info\/wp-json\/wp\/v2\/comments?post=7189"}],"version-history":[{"count":1,"href":"http:\/\/school3.krasnoturinsk.org\/info\/wp-json\/wp\/v2\/posts\/7189\/revisions"}],"predecessor-version":[{"id":7190,"href":"http:\/\/school3.krasnoturinsk.org\/info\/wp-json\/wp\/v2\/posts\/7189\/revisions\/7190"}],"wp:attachment":[{"href":"http:\/\/school3.krasnoturinsk.org\/info\/wp-json\/wp\/v2\/media?parent=7189"}],"wp:term":[{"taxonomy":"category","embeddable":true,"href":"http:\/\/school3.krasnoturinsk.org\/info\/wp-json\/wp\/v2\/categories?post=7189"},{"taxonomy":"post_tag","embeddable":true,"href":"http:\/\/school3.krasnoturinsk.org\/info\/wp-json\/wp\/v2\/tags?post=7189"}],"curies":[{"name":"wp","href":"https:\/\/api.w.org\/{rel}","templated":true}]}}