{"id":6781,"date":"2020-07-01T04:36:49","date_gmt":"2020-07-01T04:36:49","guid":{"rendered":"http:\/\/school3.krasnoturinsk.org\/info\/?p=6781"},"modified":"2020-06-24T17:21:00","modified_gmt":"2020-06-24T17:21:00","slug":"rencontres-regards","status":"publish","type":"post","link":"http:\/\/school3.krasnoturinsk.org\/info\/2020\/07\/01\/rencontres-regards\/","title":{"rendered":"Rencontres Regards"},"content":{"rendered":"<p>Avec le soutien de la Ville dArles et du laboratoire photographique PHOTON Toulouse. Remerciements \u00e0 lUnion CGT Arles Bourse du Travail Programme Diff\u00e9rentes manifestations culturelles : Expositions photos, documentaire, conf\u00e9rence, contes Colloque Droit et Cin\u00e9ma Regards crois\u00e9s : Travail, Droit et Cin\u00e9ma 2\u00e8.. <img decoding=\"async\" src=\"http:\/\/www.bnrm.ma\/bnrm\/media\/k2\/items\/cache\/91b1b90c684fd8e5c2ec1b7418ca380f_XL.jpg\" alt=\"rencontres regards\" align=\"left\"> 11h00 \u00e0 13h00 S\u00e9ance 6 Technologies, \u00e9checs et d\u00e9tournements Performances-Je ressens de la col\u00e8re devant la m\u00e9diocrit\u00e9, les mensonges et larrogance de nos dirigeants. Ariane Mnouchkine ; entretien r\u00e9alis\u00e9 par Joelle Gayot ; info document en fin de revue ; <img decoding=\"async\" src=\"http:\/\/rencontres-documentaires-grignan.com\/wp-content\/uploads\/2018\/01\/Dessins_JP_Regards-libres5.jpg\" alt=\"rencontres regards\" align=\"center\"> Regards sur illeurs, un festival de rencontres, films et conf\u00e9rences avec Trait-dUnion 58-Cosne-Cours-sur-Loire 58200 Votre \u00e2me-soeur sera heureuse de constater que vous savez prendre soin de vous et surtout, que vous vous aimez. Lorsquon saccorde de lattention et de lamour, on finit par attirer des ondes bienveillantes. Ayez confiance en vous 17h00 \u00e0 19h00 S\u00e9ance 8 Courts-m\u00e9trages du Royaume-Uni Conf\u00e9rence et projection  Laurence Petit-Jouvet Mali, France 2010 58 min  Sciences de lHomme, des organisations et de la soci\u00e9t\u00e9 <img decoding=\"async\" src=\"http:\/\/www.africavivre.com\/images\/stories\/flexicontent\/l_veronique-tadjo.jpg\" alt=\"rencontres regards\" align=\"center\"> 16Il est \u00e9vident que parmi ces strates de la critique gracquienne, sans conteste l\u00e9dition de la Pl\u00e9iade est quelque chose de consid\u00e9rable, m\u00eame si un passage dans La Pl\u00e9iade, en m\u00eame temps quil est une chance, fait courir \u00e0 l\u0153uvre un certain risque de figement. Madame Bernhild Boie le soulignait elle-m\u00eame lors du colloque de Ferrare o\u00f9 monsieur Xavier North \u00e9tait intervenu sur le g\u00e9ographe et lhistorien qu\u00e9tait Gracq et o\u00f9 il avait, entre autres, \u00e0 un certain moment, rappel\u00e9 quil y avait au moins pour Julien Gracq trois sorties de crise. Et Jacques Boisl\u00e8ve parlait tout \u00e0 lheure, \u00e0 propos du Rivage des Syrtes, de cette ligne des Syrtes qui sera peut-\u00eatre \u00e0 nos portes demain, sans revivre pour autant lobsession de la finis Europae qui est vieux de plus de cent ans et que Monsieur North a \u00e9voqu\u00e9. Cen \u00e9tait un, en 1995, date du deuxi\u00e8me volume parce que, en effet, lauteur navait pas achev\u00e9 son \u0153uvre. On ny trouve pas, par exemple, les deux derniers entretiens, avec Jean-Paul Dekiss, en 2000 ni avec Bernhild Boie, en 2001, publi\u00e9s dans le volume Entretiens de chez Corti 2002 qui sajoutent aux quatre entretiens pr\u00e9c\u00e9dents d\u00e9j\u00e0 parus dans la Pl\u00e9iade. Dautre part, Julien Gracq sest suffisamment moqu\u00e9 parfois de la critique, ou du moins a ironis\u00e9 sur celle-ci, pour que m\u00eame une \u00e9dition de la Pl\u00e9iade sache quelle sexposait \u00e0 d\u00e9ventuelles r\u00e9ticences de Julien Gracq. Mais Madame Boie savait tout cela en prenant, \u00e0 Ferrare, la d\u00e9fense de sa remarquable \u00e9dition, et en disant qu\u00e0 d\u00e9faut dun plaidoyer pro domo, elle la tenait pour un bilan. Julien Gracq, dailleurs, na eu qu\u00e0 se f\u00e9liciter de cette \u00e9dition et il le disait volontiers \u00e0 ses interlocuteurs. Et puis, apr\u00e8s tout, Julien Gracq na jamais, quoi quen aient dit certains, refus\u00e9 les lectures quon faisait de son \u0153uvre, si scolaires fussent-elles. Et je ne vois pas quon ait de textes de lui o\u00f9 il senferme dans une tour divoire. Chacun dentre nous, et pas seulement les Parisiens qui ont fait le voyage \u00e0 Saint-Florent-Le-Vieil, comme on disait au xviii e si\u00e8cle, le voyage \u00e0 la Chine, a trouv\u00e9 un homme pour le recevoir, personnellement, et il navait pas forc\u00e9ment besoin de sappeler R\u00e9gis Debray ou Philippe Le Guillou. Donc Julien Gracq a \u00e9t\u00e9 dembl\u00e9e ouvert \u00e0 cette \u00e9dition de la Pl\u00e9iade pour laquelle Madame Boie a re\u00e7u le recours constant de lauteur, pouvant consulter \u00e0 loisir cet argus de la presse fraternellement, pieusement recueilli par mademoiselle Poirier. Je la vois me le remettre, \u00e0 mon tour, pour constituer des dossiers qui, ensuite, allaient servir \u00e0 nos \u00e9tudiants, lorsque jai mis au programme de licence Le Rivage des Syrtes en 1980, alors que n\u00e9taient parus ni le volume de la Pl\u00e9iade ni m\u00eame la premi\u00e8re th\u00e8se d\u00c9tat sur Le Rivage : celle de Michel Murat. Bien entendu, les matchs de Bundesliga se joueront tous \u00e0 huis clos, entour\u00e9s dun protocole sanitaire tr\u00e8s strict : port du masque en arrivant au stade, distanciation dun m\u00e8tre cinquante dans le vestiaire, pas de poign\u00e9es de mains, ballon r\u00e9guli\u00e8rement d\u00e9sinfect\u00e9 en cours de match, 4 ramasseurs de balle au total Regards Noirs : rencontre dauteur, Patrick Chamoiseau  Publi\u00e9 le 28 octobre 2019 \u00e0 09h00-Mis \u00e0 jour le 28 octobre 2019 \u00e0 09h27 Le Monde 01:29:39 01:34:33 Actu Les \u00eeles sont donc des lieux o\u00f9 sinventent et sexp\u00e9rimentent chaque jour de nouvelles solutions qui pourraient \u00eatre d\u00e9ploy\u00e9es \u00e0 terme sur les continents. La philanthropie a cette agilit\u00e9 pour tester des solutions nouvelles sur des sujets dint\u00e9r\u00eat g\u00e9n\u00e9ral qui sont peu ou pas pris en compte. Depuis 50 ans, les \u00eeles sont des laboratoires daction de la Fondation de France et de nombreuses fondations quelle abrite. Notre fil conducteur, cest la participation des habitants et de tous les acteurs des \u00eeles, explique Thierry Gissinger, responsable des programmes Environnement de la Fondation de France. OPCI-EthnoDoc avait \u00e9t\u00e9 invit\u00e9 \u00e0 pr\u00e9senter le programme Ports en chansons que lon retrouve dans louvrage paru en septembre aux \u00e9ditions Actes Sud : Les programmes Port en chansons : des porteurs dune tradition chant\u00e9e \u00e0 la valorisation dune m\u00e9moire collective dun port. Comment sont per\u00e7ues les autres cultures pendant la guerre?<\/p>\n","protected":false},"excerpt":{"rendered":"<p>rencontres regards<\/p>\n","protected":false},"author":1,"featured_media":0,"comment_status":"closed","ping_status":"closed","sticky":false,"template":"","format":"standard","meta":[],"categories":[1],"tags":[],"_links":{"self":[{"href":"http:\/\/school3.krasnoturinsk.org\/info\/wp-json\/wp\/v2\/posts\/6781"}],"collection":[{"href":"http:\/\/school3.krasnoturinsk.org\/info\/wp-json\/wp\/v2\/posts"}],"about":[{"href":"http:\/\/school3.krasnoturinsk.org\/info\/wp-json\/wp\/v2\/types\/post"}],"author":[{"embeddable":true,"href":"http:\/\/school3.krasnoturinsk.org\/info\/wp-json\/wp\/v2\/users\/1"}],"replies":[{"embeddable":true,"href":"http:\/\/school3.krasnoturinsk.org\/info\/wp-json\/wp\/v2\/comments?post=6781"}],"version-history":[{"count":1,"href":"http:\/\/school3.krasnoturinsk.org\/info\/wp-json\/wp\/v2\/posts\/6781\/revisions"}],"predecessor-version":[{"id":6782,"href":"http:\/\/school3.krasnoturinsk.org\/info\/wp-json\/wp\/v2\/posts\/6781\/revisions\/6782"}],"wp:attachment":[{"href":"http:\/\/school3.krasnoturinsk.org\/info\/wp-json\/wp\/v2\/media?parent=6781"}],"wp:term":[{"taxonomy":"category","embeddable":true,"href":"http:\/\/school3.krasnoturinsk.org\/info\/wp-json\/wp\/v2\/categories?post=6781"},{"taxonomy":"post_tag","embeddable":true,"href":"http:\/\/school3.krasnoturinsk.org\/info\/wp-json\/wp\/v2\/tags?post=6781"}],"curies":[{"name":"wp","href":"https:\/\/api.w.org\/{rel}","templated":true}]}}