{"id":6585,"date":"2020-06-30T21:46:39","date_gmt":"2020-06-30T21:46:39","guid":{"rendered":"http:\/\/school3.krasnoturinsk.org\/info\/?p=6585"},"modified":"2020-06-24T14:05:59","modified_gmt":"2020-06-24T14:05:59","slug":"club-rencontre-only-you","status":"publish","type":"post","link":"http:\/\/school3.krasnoturinsk.org\/info\/2020\/06\/30\/club-rencontre-only-you\/","title":{"rendered":"Club Rencontre Only You"},"content":{"rendered":"<p>Lacteur am\u00e9ricain Allen Garfield sest \u00e9teint le 7 avril \u00e0 l\u00e2ge de 80 ans, des suites du Covid-19. Le natif du New Jersey \u00e9tait apparu dans les films Conversation secr\u00e8te de Francis Ford Coppola et Nashville de Robert Altman. Sa partenaire d\u00e9cran, lactrice Ronee Blakley a annonc\u00e9 son d\u00e9c\u00e8s sur les r\u00e9seaux sociaux: Repose en paix Allen Garfield, lacteur fantastique qui a jou\u00e9 mon mari dans Nashville est mort aujourdhui du Covid. Je suis en larmes. Toutes mes condol\u00e9ances \u00e0 sa famille et ses amis Help us identify relevant e-mails, social media and banner ads for you Vous b\u00e9n\u00e9ficiez dun droit dacc\u00e8s et de rectification de vos donn\u00e9es personnelles, ainsi que celui den demander leffacement dans les limites pr\u00e9vues par la loi.  <img decoding=\"async\" src=\"http:\/\/www.johnlennon.com\/wp-content\/uploads\/2018\/08\/imaginefilmposter-1024x1024.jpg\" alt=\"club rencontre only you\" align=\"right\"> Only You film 2019 Harry Wootliff-Cinenews.be Lors dun entretien accord\u00e9 \u00e0 France Info jeudi 2 avril, Patrick Bruel a confi\u00e9 avoir \u00e9t\u00e9. Quelques heures apr\u00e8s son intervention, le chanteur de 60 ans a tenu \u00e0 rassurer ses fans sur Instagram. Les amis, Pas dinqui\u00e9tude, tout va bien. Suite \u00e0 mon interview sur France Info, les m\u00e9dias relayent le fait que jai eu le coronavirus. Oui, en effet je lai eu mais jai eu aussi la chance de plut\u00f4t bien r\u00e9agir a d\u00e9clar\u00e9 lex-mari dAmanda Sthers. Et dajouter : Apr\u00e8s quelques jours de fi\u00e8vre, toux et fatigue, je vais d\u00e9sormais beaucoup mieux. Je suis de tout c\u0153ur ce soir avec les gens durement touch\u00e9s, ainsi quavec tout le personnel soignant quon ne remerciera jamais assez. Entre un premier tour marqu\u00e9 par une inhabituelle abstention et un entre-deux-tour \u00e0 rallonge, chaque camp affine ses m\u00e9thodes. Il est parfois utile d e s e joindre \u00e0 u n club d e recherche demploi..  Marketing cookies and Other Cookies Store your preferences based on previous visits to our websites Dans le contexte \u00e9pid\u00e9mique actuel, nous mettons tout en \u0153uvre pour assurer la continuit\u00e9 de la fabrication et de la mise \u00e0 disposition de nos m\u00e9dicaments. Jean-Louis Aubert a annonc\u00e9 au quotidien Le Parisien que deux de ses proches, sa m\u00e8re et sa belle-m\u00e8re, avaient \u00e9t\u00e9 hospitalis\u00e9es le 15 mars dernier. Il a pr\u00e9cis\u00e9: Deux proches \u00e9taient hospitalis\u00e9es en urgence. Ma maman, qui est tomb\u00e9e dans les pommes, qui toussait depuis quelques jours et avait 38 de fi\u00e8vre. Et la maman de mon amoureuse. Ma maman, je ne pense pas que ce soit le coronavirus, mais on na plus acc\u00e8s \u00e0 elles deux et cest compliqu\u00e9. Finalement, sa m\u00e8re est rentr\u00e9e de lh\u00f4pital. Son \u00e9tat de sant\u00e9 sest am\u00e9lior\u00e9 et elle nest pas atteinte du coronavirus. Palmar\u00e8s 13,32 8,73 8,27-5,03-3,96-3,10  En pleine pand\u00e9mie du Covid-19, Alexandre Benalla a mis un pied dans le march\u00e9 de la reconnaissance faciale, secteur en pleine expansion en France, notamment pour ses applications en mati\u00e8re de s\u00e9curit\u00e9, gr\u00e2ce au concours de plusieurs interm\u00e9diaires politiques, selon les informations de Mediapart. <img decoding=\"async\" src=\"http:\/\/getnarrative.com\/assets\/images\/team\/elisabet-clip.jpg\" alt=\"club rencontre only you\" align=\"center\"> Entretien autour de la situation pand\u00e9mique au Br\u00e9sil avec M\u00f4nica Francisco, d\u00e9put\u00e9e de l\u00e9tat de Rio de Janeiro du Parti Socialisme et Libert\u00e9. M\u00f4nica Francisco est n\u00e9e et a grandi dans la favela du Morro do Borel. Elle a toujours \u00e9t\u00e9 engag\u00e9e dans des mouvements pour la d\u00e9fense des droits de lhomme et des mouvements sociaux dans les favelas. Pourtant lundi encore, le secr\u00e9taire du club, Sian Whitoak, exprimait ses craintes dans le journal Guardian : Nous essayons de r\u00e9soudre ce probl\u00e8me. Certains de nos trous sont en Angleterre et dautres au Pays de Galles, donc nous ne savons pas ce que nous sommes autoris\u00e9s \u00e0 faire. D\u00e9sireuse d e s e joindre \u00e0 u n club e s t sans doute.. <img decoding=\"async\" src=\"http:\/\/www.puortaldovt.cf\/cache\/avatars\/174681_1493496490_fr.png\" alt=\"club rencontre only you\" align=\"right\">.<\/p>\n","protected":false},"excerpt":{"rendered":"<p>club rencontre only you<\/p>\n","protected":false},"author":1,"featured_media":0,"comment_status":"closed","ping_status":"closed","sticky":false,"template":"","format":"standard","meta":[],"categories":[1],"tags":[],"_links":{"self":[{"href":"http:\/\/school3.krasnoturinsk.org\/info\/wp-json\/wp\/v2\/posts\/6585"}],"collection":[{"href":"http:\/\/school3.krasnoturinsk.org\/info\/wp-json\/wp\/v2\/posts"}],"about":[{"href":"http:\/\/school3.krasnoturinsk.org\/info\/wp-json\/wp\/v2\/types\/post"}],"author":[{"embeddable":true,"href":"http:\/\/school3.krasnoturinsk.org\/info\/wp-json\/wp\/v2\/users\/1"}],"replies":[{"embeddable":true,"href":"http:\/\/school3.krasnoturinsk.org\/info\/wp-json\/wp\/v2\/comments?post=6585"}],"version-history":[{"count":1,"href":"http:\/\/school3.krasnoturinsk.org\/info\/wp-json\/wp\/v2\/posts\/6585\/revisions"}],"predecessor-version":[{"id":6586,"href":"http:\/\/school3.krasnoturinsk.org\/info\/wp-json\/wp\/v2\/posts\/6585\/revisions\/6586"}],"wp:attachment":[{"href":"http:\/\/school3.krasnoturinsk.org\/info\/wp-json\/wp\/v2\/media?parent=6585"}],"wp:term":[{"taxonomy":"category","embeddable":true,"href":"http:\/\/school3.krasnoturinsk.org\/info\/wp-json\/wp\/v2\/categories?post=6585"},{"taxonomy":"post_tag","embeddable":true,"href":"http:\/\/school3.krasnoturinsk.org\/info\/wp-json\/wp\/v2\/tags?post=6585"}],"curies":[{"name":"wp","href":"https:\/\/api.w.org\/{rel}","templated":true}]}}