{"id":6407,"date":"2020-06-30T21:15:43","date_gmt":"2020-06-30T21:15:43","guid":{"rendered":"http:\/\/school3.krasnoturinsk.org\/info\/?p=6407"},"modified":"2020-06-24T11:05:51","modified_gmt":"2020-06-24T11:05:51","slug":"rencontre-des-arts-contemporains","status":"publish","type":"post","link":"http:\/\/school3.krasnoturinsk.org\/info\/2020\/06\/30\/rencontre-des-arts-contemporains\/","title":{"rendered":"Rencontre Des Arts Contemporains"},"content":{"rendered":"<p>Un bilan positif dans la mesure o\u00f9 le Cr\u00e9dac a \u00e9t\u00e9 labellis\u00e9 centre dart contemporain dint\u00e9r\u00eat national en septembre 2018, soit le premier centre dart en \u00cele-de-France \u00e0 recevoir cette reconnaissance par le minist\u00e8re de la Culture. Cest une \u00e9tape tr\u00e8s importante pour l\u00e9quipe qui est annonc\u00e9e le soir de la c\u00e9l\u00e9bration de nos 30 ans et de la sortie de louvrage anniversaire : INDEX 1987-2017 500 artistes 225 expositions 30 textes 800 photos A noter la pr\u00e9sence autour dAnge Santini, outre les pr\u00e9sidents des Rencontres, la pr\u00e9sence de Maria Luciani, Sylvie Bereni, Jean-louis Delpoux, Pancrace Guglielmacci, adjoints au maire, Jean-Baptiste Ceccaldi, conseiller municipal, pr\u00e9sident de lOffice de Tourisme de Calvi, Aline Kaufman directrice de lOMT et Anne-Marie Piazzoli qui a pris le relais, Marie-France Castellani et l\u00e9quipe de lOMT, Marie-Paule Antonelli et Marie Laurent Guerini, conseiller municipaux&#8230; Nous soutenons et conseillons les artistes au quotidien. Nous militons pour lam\u00e9lioration du statut des artistes auteurs. Lid\u00e9e \u00e9tait de voir comment deux activit\u00e9s humaines, \u00e0 15 ou 20.000 ans d\u00e9cart, peuvent se confondre, explique lun des commissaires de lexposition 28 mai-2 octobre, Pascal Pique, directeur du Fonds r\u00e9gional dart contemporain Frac pour le mus\u00e9e dart moderne des Abattoirs \u00e0. Lhumain qui vient Le Fresnoy-Studio national des arts contemporains Suivez mes Petites histoires de lart! Depuis deux ans, j\u00e9cris de petites histoires comme un feuilleton qui vous d\u00e9voile des dessous m\u00e9connus et mes angles de vues d\u00e9rob\u00e9s sur lart Je retranscris aussi mes rencontres avec des artistes et des acteurs culturels dans les Dialogues de lart o\u00f9 ils nous r\u00e9v\u00e8lent leurs regards sur lart. Bonne lecture. Menu Mon activit\u00e9 au quotidien est assez passionnante car elle convoque beaucoup de savoir-faire, sachant que le c\u0153ur du r\u00e9acteur est la relation avec les artistes, celle \u00e0 des projets \u00e0 venir avec un horizon \u00e0 18 mois en g\u00e9n\u00e9ral favorisant une discussion au long cours avec les artistes, mais \u00e9galement les artistes pr\u00e9sents, le temps dexploitation de lexposition \u00e9tant d\u00e9cisif \u00e0 mes yeux autour de toute une programmation de rendez-vous que ce soit avec le public et aussi des professionnels. Je suis tr\u00e8s pr\u00e9sente ici, janime une \u00e9quipe de 5 personnes avec laquelle je partage lengagement artistique et le d\u00e9veloppement des projets, je la dirige ce qui implique un soutien et une v\u00e9rification des objectifs, comme dans toute direction.  Message en cas derreur au focus sur le champ Veuillez saisir le code de s\u00e9curit\u00e9 ci-dessous : Favoriser la d\u00e9couverte et lachat dart, \u00eatre un tremplin pour les artistes de talent. Samedi 06 octobre \u00e0 11h30 : vernissage des III\u00e8me Rencontre dArt Contemporain Et sur les stands de Cercle culturel Harmonie : Jeannot Bettendorf, Juri Bond, Inspiraria Art, Olga Smirnova, Viktor Loukianov Lart du Monde asbl : Docteur Bergman, Daria, AFPL Association des Familles ayant un proche atteint de Psychose au Luxembourg : Ossom, Silva Vitae : Jos\u00e9 Luis Palomino, Carlos Alban Malaw African Art : Seydina Issa Mbaye Et les stands de : Artbyuno, LitArtLux, L\u00ebtz Art asbl Le Cr\u00e9dac a \u00e9t\u00e9 repens\u00e9 progressivement au fil des ann\u00e9es pour \u00eatre en phase avec mes envies de d\u00e9part. M\u00eame si nous avons toujours peu de moyens, avec toutefois des am\u00e9liorations, jai pu r\u00e9organiser les choses. Jai avec moi des gens qui se sont form\u00e9s \u00e0 lart, historiens ou artistes, exclusivement des profils destin\u00e9s \u00e0 ce m\u00e9tier, une professionnalisation que jai obtenu progressivement. Au c\u0153ur du 18e arrondissement de Paris, il existe un espace d\u00e9di\u00e9 \u00e0 la cr\u00e9ation artistique, la cit\u00e9 Montmartre aux Artistes&#8230;. Ce forum sadresse aux professionnels de lart contemporain comme un temps de rencontres privil\u00e9gi\u00e9, afin de d\u00e9velopper de nouveaux contacts et pr\u00e9parer des coop\u00e9rations futures. 15 directeur.trices artistiques et commissaires de France et de l\u00e9tranger pr\u00e9senteront des projets quils souhaitent ouvrir \u00e0 une coproduction, un \u00e9change, une itin\u00e9rance. Le Grenier du Chapitre dans le cadre des Rencontres dArt Contemporain accueille du 30 septembre au 29,octobre 2017, le peintre Olivier Masmonteil et Les baigneuses  HF Bretagne pour l\u00e9galit\u00e9 entre les femmes et les hommes dans les arts et la culture : pr\u00e9sentation de lassociation et de ses travaux  <img decoding=\"async\" src=\"http:\/\/www.larotondedesarts.com\/wp-content\/uploads\/2017\/09\/63bf85034d824acf7252040162be6f72_Exposition-bi-mali-695.jpg\" alt=\"rencontre des arts contemporains\" align=\"center\"> <img decoding=\"async\" src=\"http:\/\/tram-idf.fr\/site\/wp-content\/uploads\/2018\/06\/MDAM-sport_affiche_bag-1.jpg\" alt=\"rencontre des arts contemporains\" align=\"right\"> Quand larch\u00e9ologie rencontre lart contemporain Tout ce quil faut savoir sur cette 17\u00e8me Rencontre-St\u00e9phane Galmiche, graveur install\u00e9 pr\u00e8s de Nancy 26 mai 2020 30 juin 2020 Chanoir D\u00e9tails de l\u00e9v\u00e9nement Dans ce cas de figure, ce nest pas quun h\u00f4tel qui souvre \u00e0 lart contemporain mais bien un Drawing Lab qui est all\u00e9 vers un h\u00f4tel. Notre but est de cr\u00e9er des passerelles entre les deux via une boutique et des \u00e9v\u00e9nements d\u00e9di\u00e9s au dessin contemporain, organis\u00e9s sur le rooftop de lh\u00f4tel et ouverts au public. Lh\u00f4tellerie na aujourdhui dautres choix que daller vers une notion dexp\u00e9rience, de cr\u00e9er des lieux de vie et de rencontre et pas seulement des chambres pour dormir. Artistes peintres, sculpteurs, plasticiens, photographes venus de plusieurs pays Viviane Briscolini, Nuno Joaquim Cardoso Quintino, Sergio Antonio da Costa Pereira, Isabelle Henry, Michel Houel, Kodji, Kingsley Ogwara, Kareem Ramadan, Wendy Winn, Eduarda Almeida, Samedin Asllani, Stanislava Boudova, Yveil Brigeot, Soum, Eliane Graal, Paulo Lobo, Gery Oth, Ania Polfer, Lucinda Luis, Gabrielle Perrot-Negroni, Josiane Poensgen, Gr\u00e2ce de Bettembourg, Paolo Rimondi, Sonia Sion, Helga Moioli, Victor Tricar, Erkan Uyar, Lis Prussen, Yann Barthelemy,, Anita Paranhos, Uyi Nosa-Odia Drawing H\u00f4tel : un espace de rencontre entre dessin contemporain et to <img decoding=\"async\" src=\"http:\/\/i-ac.eu\/img\/thumbs_cache\/400x300_img_6748.jpg\" alt=\"rencontre des arts contemporains\" align=\"center\"> Vous pourrez donc d\u00e9couvrir Plaisants rivages, une s\u00e9lection de 6 \u0153uvres dart contemporain, d\u00e8s le 09 octobre prochain et ce jusquau 27 novembre 2019, dans la galerie du coll\u00e8ge. D\u00e9chets Un petit d\u00e9jeuner de, mat\u00e9riaux divers, terre, sable, etc.<\/p>\n","protected":false},"excerpt":{"rendered":"<p>rencontre des arts contemporains<\/p>\n","protected":false},"author":1,"featured_media":0,"comment_status":"closed","ping_status":"closed","sticky":false,"template":"","format":"standard","meta":[],"categories":[1],"tags":[],"_links":{"self":[{"href":"http:\/\/school3.krasnoturinsk.org\/info\/wp-json\/wp\/v2\/posts\/6407"}],"collection":[{"href":"http:\/\/school3.krasnoturinsk.org\/info\/wp-json\/wp\/v2\/posts"}],"about":[{"href":"http:\/\/school3.krasnoturinsk.org\/info\/wp-json\/wp\/v2\/types\/post"}],"author":[{"embeddable":true,"href":"http:\/\/school3.krasnoturinsk.org\/info\/wp-json\/wp\/v2\/users\/1"}],"replies":[{"embeddable":true,"href":"http:\/\/school3.krasnoturinsk.org\/info\/wp-json\/wp\/v2\/comments?post=6407"}],"version-history":[{"count":1,"href":"http:\/\/school3.krasnoturinsk.org\/info\/wp-json\/wp\/v2\/posts\/6407\/revisions"}],"predecessor-version":[{"id":6408,"href":"http:\/\/school3.krasnoturinsk.org\/info\/wp-json\/wp\/v2\/posts\/6407\/revisions\/6408"}],"wp:attachment":[{"href":"http:\/\/school3.krasnoturinsk.org\/info\/wp-json\/wp\/v2\/media?parent=6407"}],"wp:term":[{"taxonomy":"category","embeddable":true,"href":"http:\/\/school3.krasnoturinsk.org\/info\/wp-json\/wp\/v2\/categories?post=6407"},{"taxonomy":"post_tag","embeddable":true,"href":"http:\/\/school3.krasnoturinsk.org\/info\/wp-json\/wp\/v2\/tags?post=6407"}],"curies":[{"name":"wp","href":"https:\/\/api.w.org\/{rel}","templated":true}]}}