{"id":5635,"date":"2020-06-29T23:50:40","date_gmt":"2020-06-29T23:50:40","guid":{"rendered":"http:\/\/school3.krasnoturinsk.org\/info\/?p=5635"},"modified":"2020-06-23T20:06:21","modified_gmt":"2020-06-23T20:06:21","slug":"rencontre-salies-de-bearn","status":"publish","type":"post","link":"http:\/\/school3.krasnoturinsk.org\/info\/2020\/06\/29\/rencontre-salies-de-bearn\/","title":{"rendered":"Rencontre Salies De Bearn"},"content":{"rendered":"<p>3-\u00e9viter de parler de mes probl\u00e8mes mon agent de probation me la d\u00e9conseill\u00e9 Nos \u00e9quipes se rendent disponibles pour r\u00e9pondre \u00e0 vos questions et vous accompagner dans toutes vos d\u00e9marches de dons et de remboursements. Depuis le haut des remparts. Int\u00e9rieur de l\u00e9chauguette. Vue sur le gave dOloron. La France est belle, et le B\u00e9arn lest tout autant! Venez visiter ce beau coin du sud ouest&#8230; <img decoding=\"async\" src=\"http:\/\/www.aquitaineonline.com\/images\/stories\/Bearn\/fete-salies-bearn-2009-07.jpg\" alt=\"rencontre salies de bearn\" align=\"left\"> La carte actualis\u00e9e au quotidien pour mieux circuler dans Pau. Les hommes \u00e9changistes qui cherchent une aventure sur Salies de bearn Alexandre Olliero va \u00e9voluer loin du FC Nantes la saison prochaine. Le portier nantais a \u00e9t\u00e9 pr\u00eat\u00e9 une saison \u00e0 Pau, tout juste promu en Ligue 2. Comme nous lavions annonc\u00e9 le 3 juin, Alexandre Oll Je naime pas : la t\u00e9l\u00e9-r\u00e9alit\u00e9, le rap, lire, la chasse, la p\u00eache, L\u00e9volution constante des m\u00e9tiers et de lenvironnement r\u00e9glementaire rend n\u00e9cessaire une mise \u00e0 jour continue du contenu. <img decoding=\"async\" src=\"http:\/\/img.over-blog-kiwi.com\/1020x765\/1\/00\/67\/66\/20150622\/ob_cc00de_p1030035-copier.JPG\" alt=\"rencontre salies de bearn\" align=\"center\">  8-avoir lair le plus d\u00e9sagr\u00e9able possible si quelquun mappr\u00e9cie comme \u00e7a.. R\u00e9gion:   N\u00e9 \u00e0 Lembeye en 1852 et mort \u00e0 Pau en 1938, ce m\u00e9decin a exerc\u00e9 diff\u00e9rents mandats t\u00e9moignant de son attachement pour le B\u00e9arn et le Vic-Bilh en particulier. Au pied de la c\u00f4te de Lembeye, la cave coop\u00e9rative de Crouseilles exploite le chai Dol\u00e9ris, lieu mythique o\u00f9 le docteur Jacques Am\u00e9d\u00e9e Dol\u00e9ris, qui avait Les th\u00e9\u00e2tres Michel Portal de Bayonne et Quintaou dAnglet \u00e9tant actuellement ferm\u00e9s au public, vous pouvez contacter l\u00e9quipe de billetterie au Envie d\u00eatre l\u00e9ch\u00e9 par un homo de ce fait contactes-moi. Je me pr\u00e9nomme vivien29, un ami de 29 ans.. Jaimerais me r\u00e9aliser pleinement dans une relation \u00e0 deux, mais pour cela je recherche une sinc\u00e9rit\u00e9 absolue accompagn\u00e9e de respect de fid\u00e9lit\u00e9 et de complicit\u00e9. Le partenaire poss\u00e9dant mes valeurs existe-t-il? Nous utilisons \u00e9galement des cookies pour mesurer laudience de nos sites. Ainsi nous pouvons analyser la fr\u00e9quentation et lutilisation de nos sites et am\u00e9liorer constamment nos services et contenus. Aimant aussi bien le soleil et les plages, que la campagne et la nature Coconut64, habite \u00e0 44 km de Salies-de-B\u00e9arn 64270,,,,,,,,,,,,,,,,,,,.. Trouve un plan cul avec le Tchat SeXeintime.com: La Heste de la Sa\u00fc la F\u00eate du sel est devenue au fil des ann\u00e9es le rendez-vous incontournable de toute une r\u00e9gion fi\u00e8re de son sol, de ses traditions, de son sel. Durant 4 jours la ville f\u00eate son or blanc : march\u00e9 artisan <img decoding=\"async\" src=\"http:\/\/www.hameau-bellevue.org\/2015\/wp-content\/uploads\/2016\/03\/cropped-logo_site_5.png\" alt=\"rencontre salies de bearn\" align=\"right\">.<\/p>\n","protected":false},"excerpt":{"rendered":"<p>rencontre salies de bearn<\/p>\n","protected":false},"author":1,"featured_media":0,"comment_status":"closed","ping_status":"closed","sticky":false,"template":"","format":"standard","meta":[],"categories":[1],"tags":[],"_links":{"self":[{"href":"http:\/\/school3.krasnoturinsk.org\/info\/wp-json\/wp\/v2\/posts\/5635"}],"collection":[{"href":"http:\/\/school3.krasnoturinsk.org\/info\/wp-json\/wp\/v2\/posts"}],"about":[{"href":"http:\/\/school3.krasnoturinsk.org\/info\/wp-json\/wp\/v2\/types\/post"}],"author":[{"embeddable":true,"href":"http:\/\/school3.krasnoturinsk.org\/info\/wp-json\/wp\/v2\/users\/1"}],"replies":[{"embeddable":true,"href":"http:\/\/school3.krasnoturinsk.org\/info\/wp-json\/wp\/v2\/comments?post=5635"}],"version-history":[{"count":1,"href":"http:\/\/school3.krasnoturinsk.org\/info\/wp-json\/wp\/v2\/posts\/5635\/revisions"}],"predecessor-version":[{"id":5636,"href":"http:\/\/school3.krasnoturinsk.org\/info\/wp-json\/wp\/v2\/posts\/5635\/revisions\/5636"}],"wp:attachment":[{"href":"http:\/\/school3.krasnoturinsk.org\/info\/wp-json\/wp\/v2\/media?parent=5635"}],"wp:term":[{"taxonomy":"category","embeddable":true,"href":"http:\/\/school3.krasnoturinsk.org\/info\/wp-json\/wp\/v2\/categories?post=5635"},{"taxonomy":"post_tag","embeddable":true,"href":"http:\/\/school3.krasnoturinsk.org\/info\/wp-json\/wp\/v2\/tags?post=5635"}],"curies":[{"name":"wp","href":"https:\/\/api.w.org\/{rel}","templated":true}]}}