{"id":5633,"date":"2020-06-29T18:27:25","date_gmt":"2020-06-29T18:27:25","guid":{"rendered":"http:\/\/school3.krasnoturinsk.org\/info\/?p=5633"},"modified":"2020-06-23T20:05:48","modified_gmt":"2020-06-23T20:05:48","slug":"rencontre-diaspora-rwandaise","status":"publish","type":"post","link":"http:\/\/school3.krasnoturinsk.org\/info\/2020\/06\/29\/rencontre-diaspora-rwandaise\/","title":{"rendered":"Rencontre Diaspora Rwandaise"},"content":{"rendered":"<p>A la demande g\u00e9n\u00e9rale du public de nos diff\u00e9rentes manifestations, nous publions, une br\u00e8ve bibliographie, non exhaustive. Si la.. Coucou les branch\u00e9s! Nouvelle aventure culinaire pour vous aujourdhui et comme on le dit si bien un bon app\u00e9tit est signe de sant\u00e9! Je vous laisse d\u00e9couvrir la recette du jour: des boulettes au fromage Lannonce tombe donc \u00e0 point nomm\u00e9, pour la juridiction mixte : le 25 mai, dans un, la CPS indique s\u00eatre saisie des dossiers de neuf combattants arr\u00eat\u00e9s quelques jours plus t\u00f4t, suite \u00e0 des attaques, dans la r\u00e9gion dObo, au Sud-Est du pays. Les neuf sont pr\u00e9sum\u00e9s appartenir au groupe arm\u00e9 dirig\u00e9 par Ali Darassa, lUnit\u00e9 pour la paix en Centrafrique UPC. Et quelques jours plus t\u00f4t, la mission locale des Nations unies, la Minusca, avait annonc\u00e9 larrestation de neuf autres miliciens \u00e0 Nd\u00e9l\u00e9, dans le Nord, \u00e9galement remis \u00e0 la CPS. Les 18 nouveaux d\u00e9tenus, une fois transf\u00e9r\u00e9s \u00e0 Bangui, seront incarc\u00e9r\u00e9s dans les cellules nouvellement r\u00e9habilit\u00e9es par les deux principaux bailleurs de la Cour le Pnud et la Minusca \u00e0 la prison centrale du Camp de Roux. 4 O\u00f9 en sont les relations entre la Belgique et le Rwanda? Quels \u00e9l\u00e9ments ont-ils contribu\u00e9 \u00e0 leur d\u00e9gradation? R\u00e9ponse re\u00e7ue le 10 octobre 2013 : Sur un total de 370 personnes test\u00e9es, 2 se sont r\u00e9v\u00e9l\u00e9es positives \u00e0 la Covid-19 ce jeudi 11 juin 2020. Les deux nouveaux cas sont des patients dont l\u00e2ge est compris entre 30 et.. Plaider pour la poursuite de louverture de lespace Le Togo tend vers la r\u00e9ouverture de ses fronti\u00e8res et de la reprise des vols sur son territoire si lon en croit la Coordination nationale de gestion de la riposte \u00e0 la Covid-19 C.. Dans ce sens, notre organisation vise \u00e0 cr\u00e9er des synergies et \u00e0 mener un dialogue avec les autres partenaires de d\u00e9veloppement dans les pays daccueil et dans les pays dorigine. Rencontre avec la Diaspora Rwandaise dEurope lors de la venue du Pr\u00e9sident Kagame \u00e0 Paris dune nouvelle relation entre lAfrique et la France. Ravi de cette initiative du Pr\u00e9sident fran\u00e7ais, Dreyfus Louyebo esp\u00e8re ainsi voir les lignes bouger. <img decoding=\"async\" src=\"http:\/\/www.panoractu.com\/wp-content\/uploads\/2017\/10\/IMG-20171010-WA0015-445x300.jpg\" alt=\"rencontre diaspora rwandaise\" align=\"left\">   Au total, quelque 37 000 Rwandais de la diaspora inscrits sur les listes \u00e9lectorales ont vot\u00e9 jeudi dans les repr\u00e9sentations diplomatiques. Ils \u00e9taient invit\u00e9s \u00e0 cocher, sur un bulletin unique Yego ou Oya Oui ou Non en kinyarwanda \u00e0 la question: \u00cates-vous daccord avec la Constitution de la R\u00e9publique du Rwanda telle que r\u00e9vis\u00e9e pendant lann\u00e9e 2015. Lopposition rwandaise a aussi pr\u00e9vu de se faire entendre, en organisant des rassemblements \u00e0 Paris, notamment mardi matin au moment dune rencontre entre le dirigeant rwandais et le patronat fran\u00e7ais. Photographies sur le th\u00e8me Kagame paul-Divergence images La situation avait commenc\u00e9 \u00e0 se tendre mercredi. Ce jour-l\u00e0, avait mis en garde Sidiki Abass contre sa tendance expansionniste dans dautres parties de la r\u00e9gion, en claire la violation de lAccord politique pour la paix et la r\u00e9conciliation en R\u00e9publique Centrafricaine APPR-RCA. Le Rwanda poursuit sa politique dint\u00e9gration r\u00e9gionale. Membre du March\u00e9 commun de lAfrique orientale et australe Comesa, de la Communaut\u00e9 \u00e9conomique des pays des Grands Lacs CEPGL, il se retire en juin 2007 de la Communaut\u00e9 \u00e9conomique des \u00c9tats de lAfrique centrale CEEAC et adh\u00e8re en juillet \u00e0 la Communaut\u00e9 est-africaine EAC, privil\u00e9giant le maintien de ses relations en Afrique de lEst. En novembre 2009, le Rwanda devient le 54 e membre du tout en demeurant au sein de l. Les relations avec la France RCA-Montr\u00e9al: Fabrice Ilunga, originaire du RDC participe \u00e0 lUmushyikirano 2018 au Rwanda <img decoding=\"async\" src=\"http:\/\/ledesk.net\/wp-content\/uploads\/sites\/55\/2018\/02\/e550983_27811-mwn5rd.93j1.jpg\" alt=\"rencontre diaspora rwandaise\" align=\"center\">  En juin 1999, le forum des partis politiques rwandais, \u00e0 lorigine du premier gouvernement mixte de r\u00e9conciliation nationale mis en place en 1994, d\u00e9cide de repousser de quatre ans la transition politique qui devait sachever en juillet 1999, au cours de laquelle \u00e9taient pr\u00e9vues l\u00e9laboration dune Constitution et lorganisation d\u00e9lections. Les d\u00e9put\u00e9s nationaux du Kongo Central pr\u00e9occup\u00e9s par lexpansion du COVID-19 et linstabilit\u00e9 politique dans leur province, ont rencontr\u00e9 ce vendredi 15 mai la pr\u00e9sidente de lAssembl\u00e9e nationale afin de solliciter une intervention urgente. <img decoding=\"async\" src=\"http:\/\/fr.igihe.com\/IMG\/jpg\/brigitte7.jpg\" alt=\"rencontre diaspora rwandaise\" align=\"center\"> Entretien de lauteur avec le Pr\u00e9sident Yoweri Museveni, Kampala, 6 juillet 1994. De toutes fa\u00e7ons, ont relev\u00e9 les experts, les ressortissants dune diaspora ne peuvent rien faire de productif dans leurs pays dorigine sils ny trouvent pas des relais et des r\u00e9seaux de soutien. Ils ont besoin davoir des gens et des structures auxquels ils peuvent faire confiance quand ils veulent y investir leurs \u00e9conomies ou dautres ressources. Il faudrait aussi quau sein des diasporas elles-m\u00eames, il y ait un cadre qui permette \u00e0 leurs membres de se rencontrer et didentifier ensemble les secteurs dans lesquels ils pourraient se lancer avec succ\u00e8s. La dispersion et lisolement des initiatives, que lon a constat\u00e9, \u00e0 ce jour, portent peu de fruits. De lannonce du confinement aux retrouvailles avec les amis, Le Soir a retrac\u00e9 les 13 semaines de crise du coronavirus. Policier, infirmi\u00e8re, professeure ou encore coiffeuse nous ont racont\u00e9 comment leur vie a bascul\u00e9. LE TCHAD POURSUIT MISKINE TR\u00c8S DEMAND\u00c9 PAR BANGUI Il sagit de lattentat contre lavion du pr\u00e9sident rwandais de l\u00e9poque, Juv\u00e9nal Habyarimana. Nom officiel : R\u00e9publique rwandaise Drapeau du Rwanda Burundi-Rwanda Drapeau du Rwanda Hymne rwandais La r\u00e9cente session de droit organis\u00e9e \u00e0 Yaound\u00e9 par ce.<\/p>\n","protected":false},"excerpt":{"rendered":"<p>rencontre diaspora rwandaise<\/p>\n","protected":false},"author":1,"featured_media":0,"comment_status":"closed","ping_status":"closed","sticky":false,"template":"","format":"standard","meta":[],"categories":[1],"tags":[],"_links":{"self":[{"href":"http:\/\/school3.krasnoturinsk.org\/info\/wp-json\/wp\/v2\/posts\/5633"}],"collection":[{"href":"http:\/\/school3.krasnoturinsk.org\/info\/wp-json\/wp\/v2\/posts"}],"about":[{"href":"http:\/\/school3.krasnoturinsk.org\/info\/wp-json\/wp\/v2\/types\/post"}],"author":[{"embeddable":true,"href":"http:\/\/school3.krasnoturinsk.org\/info\/wp-json\/wp\/v2\/users\/1"}],"replies":[{"embeddable":true,"href":"http:\/\/school3.krasnoturinsk.org\/info\/wp-json\/wp\/v2\/comments?post=5633"}],"version-history":[{"count":1,"href":"http:\/\/school3.krasnoturinsk.org\/info\/wp-json\/wp\/v2\/posts\/5633\/revisions"}],"predecessor-version":[{"id":5634,"href":"http:\/\/school3.krasnoturinsk.org\/info\/wp-json\/wp\/v2\/posts\/5633\/revisions\/5634"}],"wp:attachment":[{"href":"http:\/\/school3.krasnoturinsk.org\/info\/wp-json\/wp\/v2\/media?parent=5633"}],"wp:term":[{"taxonomy":"category","embeddable":true,"href":"http:\/\/school3.krasnoturinsk.org\/info\/wp-json\/wp\/v2\/categories?post=5633"},{"taxonomy":"post_tag","embeddable":true,"href":"http:\/\/school3.krasnoturinsk.org\/info\/wp-json\/wp\/v2\/tags?post=5633"}],"curies":[{"name":"wp","href":"https:\/\/api.w.org\/{rel}","templated":true}]}}