{"id":5537,"date":"2020-06-29T18:55:20","date_gmt":"2020-06-29T18:55:20","guid":{"rendered":"http:\/\/school3.krasnoturinsk.org\/info\/?p=5537"},"modified":"2020-06-23T18:30:53","modified_gmt":"2020-06-23T18:30:53","slug":"groupes-de-rencontre-du-travail","status":"publish","type":"post","link":"http:\/\/school3.krasnoturinsk.org\/info\/2020\/06\/29\/groupes-de-rencontre-du-travail\/","title":{"rendered":"Groupes De Rencontre Du Travail"},"content":{"rendered":"<p> La prise de d\u00e9cision sur la pertinence de faire appel \u00e0 un cabinet de conseil pour la structuration finale de la sous-activit\u00e9 Connexions avant sa mise en \u0153uvre et l\u00e9laboration des TDR y relatifs au cas \u00e9ch\u00e9ant. Ensuite, vous proposez larticle 4 suivant: Sur le territoire de la F\u00e9d\u00e9ration de Russie, la pr\u00e9servation de la diversit\u00e9 ethnoculturelle et linguistique est garantie. La combinaison du premier avec le second il me semble que cela fonctionnera tr\u00e8s bien. <img decoding=\"async\" src=\"http:\/\/filefr.ami.mr\/photosnews\/03-12-2012-M00003.jpg\" alt=\"groupes de rencontre du travail\" align=\"right\"> Rencontres du groupe de travail \u00c9cole de foresterie La rm poss\u00e8de lune des plus riches collections de livres de math\u00e9matiques en France. Avec plus de 35.000 livres et collections et 1.500 revues papier ou \u00e9lectroniques, tous les domaines des math\u00e9matiques pures et appliqu\u00e9es sont repr\u00e9sent\u00e9s. Les lecteurs peuvent trouver en moyenne 500 nouvelles acquisitions chaque ann\u00e9e. En outre, la biblioth\u00e8que du Cirm a ses propres tr\u00e9sors uniques : une grande collection des \u0153uvres compl\u00e8tes de math\u00e9maticiens c\u00e9l\u00e8bres, certains documents datant du 16\u00e8me si\u00e8cle et jusquau d\u00e9but du 19\u00e8me si\u00e8cle et une collection de livres russes sur les math\u00e9matiques. Des dons personnels de math\u00e9maticiens illustres tels que Gaston Julia, Szolem Mandelbrojt, Andr\u00e9 Adler, Philippe Flajeolet et Jean-Louis Ovaert ont ajout\u00e9 \u00e0 cette pr\u00e9cieuse collection. Pour ceux qui ne pourront pas \u00eatre pr\u00e9sent, je vous propose de me faire remonter vos \u00e9ventuelles contributions ou id\u00e9es pour les perspectives du groupe de travail..   la commission d\u00e9tudes universitaires avait pour mission d\u00e9valuer et danalyser les besoins en formation. Vladimir Poutine: Mon opinion, grosso modo en termes plus g\u00e9n\u00e9raux, peut \u00eatre formul\u00e9e comme suit. A linverse, progressivement au cours de cette s\u00e9ance 2, certains internes ont soulign\u00e9 leur m\u00e9connaissance en mati\u00e8re dapproche relationnelle et psychologique, en interrogeant le fait quaucune formation en psychologie ne leur est propos\u00e9e, avec les impairs que cela peut entra\u00eener vis-\u00e0-vis du patient ou des coll\u00e8gues : cest du cas par cas, parfois on narrive pas \u00e0 les raisonner. \u00c7a ne sert \u00e0 rien de s\u00e9nerver Lui non le patient, car il avait lair \u00e9nerv\u00e9 contre la terre enti\u00e8re, sinon quand cest sur mon boulot cest plus compliqu\u00e9 si je nai pas fait derreur, sinon je mexcuse. Certains je vais m\u00eame mexcuser pour calmer les choses. Linterne met \u00e0 jour un de ses arbitrages en explicitant quil se sert de la figure dautorit\u00e9 m\u00e9dicale quil repr\u00e9sente pour assumer certaines situations. Par cons\u00e9quent, nous proposons dans la Constitution de refl\u00e9ter cela dans les questions de comp\u00e9tence conjointe. Vous savez, voici une telle combinaison d\u00e9ducation, d\u00e9ducation, de science, de culture et de politique de la jeunesse. Il me semble que cela cr\u00e9e un alliage unique de valeur int\u00e9gr\u00e9e, y compris sans d\u00e9tacher la politique de la jeunesse des autres lignes directrices et priorit\u00e9s cl\u00e9s de notre politique d\u00c9tat. Nous avons \u00e9galement mis en place un r\u00e9seau dambassadeurs qui nouent des relations avec 26 \u00e9coles et universit\u00e9s cibles. Ce sont des salari\u00e9s Orano, anciens de ces \u00e9tablissements, qui nous permettent dorganiser des d\u00e9jeuners avec le corps p\u00e9dagogique, des learning expeditions invitant les \u00e9tudiants \u00e0 d\u00e9couvrir des sites industriels Orano comme ceux de La Hague ou du Tricastin. En ce qui concerne le paragraphe e avec le symbole quatre pour promouvoir le d\u00e9veloppement de lesprit dentreprise et de linitiative priv\u00e9e je suis \u00e9galement enti\u00e8rement daccord. Je viens de rendre visite \u00e0 mes coll\u00e8gues lors de la synth\u00e8se annuelle des travaux du minist\u00e8re de lInt\u00e9rieur, au conseil annuel, et jen ai parl\u00e9 l\u00e0-bas, et jessaie toujours den parler. La voie royale pour int\u00e9grer Orano? En 3 mots : les r\u00e9seaux sociaux, les r\u00e9seaux sociaux, les r\u00e9seaux sociaux! Entrer en contact direct avec les recruteurs, les managers du Groupe ou des coll\u00e8gues qui travaillent d\u00e9j\u00e0 chez Orano. Ce 10 septembre, \u00e0 loccasion de la 36\u00e8me F\u00eate de l Avante, une r\u00e9union pr\u00e9paratoire de la 14\u00e8me Rencontre internationale des partis communistes et ouvriers RIPCO. La 14\u00e8me <img decoding=\"async\" src=\"http:\/\/www.baviere-quebec.org\/imperia\/md\/quebec\/gallery\/fittosize__650_0_450d1ca4acfe70528429932504eb4781_img_4292.jpg\" alt=\"groupes de rencontre du travail\" align=\"right\"> Heureux, mais aussi un peu fatigu\u00e9s, notre groupe \u00e9tait de retour \u00e0 LA GRANDE FOSSE vers 20H30, le dimanche 20.05, se promettant de renouveler ce genre descapades, \u00e0 la fois enrichissantes et dynamiques, et nous permettant de maintenir cet esprit de groupe qui nous anime depuis bient\u00f4t 50 ans. Cest cet environnement dynamique, fort de son histoire et r\u00e9solument tourn\u00e9 vers lavenir que vous pouvez int\u00e9grer aujourdhui. Europe, le ministre Blackburn tiendra une s \u00e9r i e de rencontres de travail de h a ut niveau avec certains de ses homologues des.. Le 5 juin Rencontre conjointe des groupes de travail : Plaidoyer en contexte de pand\u00e9mie et de post-pand\u00e9mie Pour ce faire, nous proposons un petit groupe de travail en parall\u00e8le avec les r\u00e9unions du samedi mensuel de lACK. Sur fond de Guerre des Talents, un enjeu fondamental est apparu dans les entreprises cherchant \u00e0 attirer et fid\u00e9liser les meilleurs potentiels : d\u00e9velopper une politique de marque employeur. <img decoding=\"async\" src=\"http:\/\/img.over-blog.com\/300x225\/5\/50\/42\/16\/Veillee-debat-agroecologie\/IMGP1317.JPG\" alt=\"groupes de rencontre du travail\" align=\"left\">.<\/p>\n","protected":false},"excerpt":{"rendered":"<p>groupes de rencontre du travail<\/p>\n","protected":false},"author":1,"featured_media":0,"comment_status":"closed","ping_status":"closed","sticky":false,"template":"","format":"standard","meta":[],"categories":[1],"tags":[],"_links":{"self":[{"href":"http:\/\/school3.krasnoturinsk.org\/info\/wp-json\/wp\/v2\/posts\/5537"}],"collection":[{"href":"http:\/\/school3.krasnoturinsk.org\/info\/wp-json\/wp\/v2\/posts"}],"about":[{"href":"http:\/\/school3.krasnoturinsk.org\/info\/wp-json\/wp\/v2\/types\/post"}],"author":[{"embeddable":true,"href":"http:\/\/school3.krasnoturinsk.org\/info\/wp-json\/wp\/v2\/users\/1"}],"replies":[{"embeddable":true,"href":"http:\/\/school3.krasnoturinsk.org\/info\/wp-json\/wp\/v2\/comments?post=5537"}],"version-history":[{"count":1,"href":"http:\/\/school3.krasnoturinsk.org\/info\/wp-json\/wp\/v2\/posts\/5537\/revisions"}],"predecessor-version":[{"id":5538,"href":"http:\/\/school3.krasnoturinsk.org\/info\/wp-json\/wp\/v2\/posts\/5537\/revisions\/5538"}],"wp:attachment":[{"href":"http:\/\/school3.krasnoturinsk.org\/info\/wp-json\/wp\/v2\/media?parent=5537"}],"wp:term":[{"taxonomy":"category","embeddable":true,"href":"http:\/\/school3.krasnoturinsk.org\/info\/wp-json\/wp\/v2\/categories?post=5537"},{"taxonomy":"post_tag","embeddable":true,"href":"http:\/\/school3.krasnoturinsk.org\/info\/wp-json\/wp\/v2\/tags?post=5537"}],"curies":[{"name":"wp","href":"https:\/\/api.w.org\/{rel}","templated":true}]}}