{"id":5409,"date":"2020-06-29T17:26:54","date_gmt":"2020-06-29T17:26:54","guid":{"rendered":"http:\/\/school3.krasnoturinsk.org\/info\/?p=5409"},"modified":"2020-06-23T16:32:03","modified_gmt":"2020-06-23T16:32:03","slug":"rencontres-nationales-du-tourisme-7-novembre-2012","status":"publish","type":"post","link":"http:\/\/school3.krasnoturinsk.org\/info\/2020\/06\/29\/rencontres-nationales-du-tourisme-7-novembre-2012\/","title":{"rendered":"Rencontres Nationales Du Tourisme 7 Novembre 2012"},"content":{"rendered":"<p>13 d\u00e9cembre : Caen la mer re\u00e7oit le Label Or, Territoire Innovant des Interconnect\u00e9s pour le pass Incity dans la cat\u00e9gorie d\u00e9veloppement \u00e9conomique. Cette op\u00e9ration, mise en place par ATOUT FRANCE en collaboration avec le Comit\u00e9 Bougainville, f\u00e9d\u00e9ration des entrepreneurs et investisseurs du tourisme, offre aux porteurs de projets la possibilit\u00e9 de rencontrer, sur rendez-vous, des partenaires potentiels publics et priv\u00e9s. <img decoding=\"async\" src=\"http:\/\/img.over-blog.com\/600x430\/1\/58\/19\/49\/2012\/Nuages-de-culture-novembre-2012-lac-Annecy.jpg\" alt=\"rencontres nationales du tourisme 7 novembre 2012\" align=\"left\"> 29 mars 2019 Le SNUipp-FSU a \u00e9t\u00e9 re\u00e7u jeudi 28 mars par le cabinet du ministre au sujet de larticle du projet de loi pour l\u00e9cole de la confiance cr\u00e9ant les \u00e9tablissements publics locaux denseignement des savoirs fondamentaux EPLESF. Outremers360 du 23 mai 2017 : http:outremers360.comsocietecommemoration-23-mai-2017-les-victimes-de-lesclavage-celebrees-sur-le-plan-national-pour-la-premiere-fois charg\u00e9e dune mission de service public et ayant re\u00e7u d\u00e9l\u00e9gation \u00e0 cette fin en mars 2016 Soci\u00e9t\u00e9 Fairvesta International GMBH et a., requ\u00eate num\u00e9ro 368083, requ\u00eate num\u00e9ro 368084, : Aceti M, Tlili H, 2013 Essai \u00e9pist\u00e9mologique sur limbrication entre sujets, objets et th\u00e9ories dans la recherche en sciences sociales du sport, actes de latelier I. Hasard, perspicacit\u00e9, s\u00e9rendipit\u00e9, IV\u00e8me congr\u00e8s international du R\u00e9seau international francophone de la recherche qualitative RIFREQ, La logique de la d\u00e9couverte en recherche qualitative, 19-21 juin 2013, Domaine Sociologie, politiques sociales et travail social de lUniversit\u00e9 de Fribourg. 9 mai : cr\u00e9ation de lassociation Normandy French Tech 22 mars : Renaud DE ROCHEBRUNE, co-auteur, avec Benjamin STORA, de La guerre dAlg\u00e9rie vue par les Alg\u00e9riens. Tome 1 : Des origines \u00e0 la bataille dAlger Tome 2 De la bataille dAlger \u00e0 lInd\u00e9pendance, \u00e9ditions Deno\u00ebl et Folio histoire. Rencontre organis\u00e9e par Coup de soleil en Rh\u00f4ne-Alpes Les coordinateurs de latlas historique de Pau, deuxi\u00e8me dune s\u00e9rie de cinq \u00e0 para\u00eetre en Nouvelle Aquitaine vous invitent \u00e0 d\u00e9couvrir le.. <img decoding=\"async\" src=\"http:\/\/stefaninijournal.com\/cpaix2017.gif\" alt=\"rencontres nationales du tourisme 7 novembre 2012\" align=\"right\"> Dans le cadre de la mise en oeuvre du Plan minist\u00e9riel Citoyens du sport, Patrick KANNER, ministre de la Ville, de la Jeunesse et des Sports et Thierry BRAILLARD, secr\u00e9taire dEtat aux Sports lancent une campagne de communication contre toutes les formes de discriminations, contraires aux valeurs du sport.  Nouveau num\u00e9ro dnfos 21 : Les rapports d\u00e9veloppement durable nouveaux sont arriv\u00e9s!  budg\u00e9tisation du programme 551, Provision relative aux 20 d\u00e9cembre : Emm\u00e9nagement des premi\u00e8res familles dans les logements du programme Les Aliz\u00e9es, con\u00e7u pour r\u00e9pondre aux besoins des gens du voyage s\u00e9dentaris\u00e9s. La fermeture du terrain Poincar\u00e9 suit de quelques jours.  Stage de danse contemporaine \u00e0 la Maison des jeunes et de la culture Village \u00e0 linitiative de l\u00e9cole exp\u00e9rimentale de Bonneuil sociales-Permettez-moi tout dabord de saluer la <img decoding=\"async\" src=\"http:\/\/img.over-blog-kiwi.com\/0\/56\/11\/46\/201310\/ob_0513bd_2012-07-blois-rue-du-cavalier.jpg\" alt=\"rencontres nationales du tourisme 7 novembre 2012\" align=\"right\">, Nicolas Gougain et Mathieu Nocent dans le bureau du Pr\u00e9sident : photo parue dans Valeurs actuelles, 22 novembre 2012. Vote du premier budget de Caen la mer et du budget annexe de lassainissement. 19 au 26 septembre : Caen la mer organise la quatri\u00e8me bourse d\u00e9change Utilotroc dans ses d\u00e9ch\u00e8teries. 6e \u00e9dition du Marathon photos organis\u00e9e par la Maison des jeunes et de la culture Village en partenariat avec les Comit\u00e9s de quartier du Centre Ancien et des Bords de Marne sur le th\u00e8me Engagement et environnement.<\/p>\n","protected":false},"excerpt":{"rendered":"<p>rencontres nationales du tourisme 7 novembre 2012<\/p>\n","protected":false},"author":1,"featured_media":0,"comment_status":"closed","ping_status":"closed","sticky":false,"template":"","format":"standard","meta":[],"categories":[1],"tags":[],"_links":{"self":[{"href":"http:\/\/school3.krasnoturinsk.org\/info\/wp-json\/wp\/v2\/posts\/5409"}],"collection":[{"href":"http:\/\/school3.krasnoturinsk.org\/info\/wp-json\/wp\/v2\/posts"}],"about":[{"href":"http:\/\/school3.krasnoturinsk.org\/info\/wp-json\/wp\/v2\/types\/post"}],"author":[{"embeddable":true,"href":"http:\/\/school3.krasnoturinsk.org\/info\/wp-json\/wp\/v2\/users\/1"}],"replies":[{"embeddable":true,"href":"http:\/\/school3.krasnoturinsk.org\/info\/wp-json\/wp\/v2\/comments?post=5409"}],"version-history":[{"count":1,"href":"http:\/\/school3.krasnoturinsk.org\/info\/wp-json\/wp\/v2\/posts\/5409\/revisions"}],"predecessor-version":[{"id":5410,"href":"http:\/\/school3.krasnoturinsk.org\/info\/wp-json\/wp\/v2\/posts\/5409\/revisions\/5410"}],"wp:attachment":[{"href":"http:\/\/school3.krasnoturinsk.org\/info\/wp-json\/wp\/v2\/media?parent=5409"}],"wp:term":[{"taxonomy":"category","embeddable":true,"href":"http:\/\/school3.krasnoturinsk.org\/info\/wp-json\/wp\/v2\/categories?post=5409"},{"taxonomy":"post_tag","embeddable":true,"href":"http:\/\/school3.krasnoturinsk.org\/info\/wp-json\/wp\/v2\/tags?post=5409"}],"curies":[{"name":"wp","href":"https:\/\/api.w.org\/{rel}","templated":true}]}}