{"id":396,"date":"2020-06-20T22:47:27","date_gmt":"2020-06-20T22:47:27","guid":{"rendered":"http:\/\/school3.krasnoturinsk.org\/info\/?p=396"},"modified":"2020-06-20T21:22:33","modified_gmt":"2020-06-20T21:22:33","slug":"rencontre-ste-therese","status":"publish","type":"post","link":"http:\/\/school3.krasnoturinsk.org\/info\/2020\/06\/20\/rencontre-ste-therese\/","title":{"rendered":"Rencontre Ste Therese"},"content":{"rendered":"<p>Le Gilles Huberfeld, sp\u00e9cialiste en, est davis que les extases de sainte Th\u00e9r\u00e8se dAvila sapparentaient \u00e0 des impliquant le droit. Nous sommes all\u00e9s, le mardi 3 octobre, \u00e0 la R\u00e9sidence Saint-Dominique pour-Une entraide est \u00e0 l\u0153uvre entre nos h\u00f4pitaux et nos EHPAD. Oppositions et pers\u00e9cutions Par des membres de lOrdre Quand je suis arriv\u00e9, javais un peu peur mais maintenant je suis triste de partir. L va faire plusieurs enqu\u00eates sur Th\u00e9r\u00e8se et bloquer un temps ses actions.  bi&#8211;bottom-top-soumie-dominent le-est un tout!! je suis simple relax et tres ouverts.aux debut ami et plus ci la chimie est la!! je fumme la cigarette et des join..je ne bois pas..jadore la..bon fait moi un coucou en passent Nous proposons un itin\u00e9raire simple o\u00f9 il est possible de marcher \u00e0 son rythme et \u00e0 celui des enfants. Pour les plus grands, on fait une boucle plus longue. Chacun y trouve son compte. Ceci dit ceux qui le veulent peuvent tout \u00e0 fait pr\u00e9f\u00e9rer rester au prieur\u00e9 pour se reposer ou faire un autre itin\u00e9raire 4. Quest-ce quun oblat? Loratoire, avec la pr\u00e9sence eucharistique, peut accueillir des temps de pri\u00e8res ou des c\u00e9l\u00e9brations eucharistiques pour des groupes dune vingtaine de personnes.  Souveraine Majest\u00e9, \u00c9ternelle Sagesse, Bont\u00e9 douce \u00e0 mon \u00e2me, Dieu, mon Seigneur, Quordonnez-vous quil soit fait de moi? Je suis v\u00f4tre puisque vous mavez cr\u00e9\u00e9e, V\u00f4tre, puisque vous mavez rachet\u00e9e, V\u00f4tre, puisque vous mavez support\u00e9e, V\u00f4tre, puisque vous mavez appel\u00e9e, V\u00f4tre, puisque vous mavez attendue, V\u00f4tre, puisque je ne me suis pas perdue Marx rapatri\u00e9 de AlpheeRocheNoel para\u00eet aujourdhui aux EditionsduCERF <img decoding=\"async\" src=\"http:\/\/www.journalsaint-francois.ca\/content\/dam\/tc\/le-soleil-de-valleyfield-et-le-journal-saint-francois\/images\/2016\/6\/2\/JF-02062016-theatre-cascades.JPG\" alt=\"rencontre ste therese\" align=\"left\"> Apr\u00e8s la messe de la Sainte C\u00e8ne \u00e0 la grande chapelle de Passy, prenez le temps de la pri\u00e8re : veille au reposoir et m\u00e9ditation des paroles du Christ lors de Les \u00e9l\u00e8ves de 4\u00e8me ont jou\u00e9 dans le calme et avec beaucoup de plaisir \u00e0 un jeu de.. Le p\u00e8lerinage se d\u00e9roulera cette ann\u00e9e du 30 Juin au 2 juillet d\u00e9part le jeudi 29 juin vers 18h30 au Mont-Saint-Michel. Nous serons accompagn\u00e9s par le P\u00e8re Yannick Demey Th\u00e8me  Mardi 1003 : Shuttle Time : Bad in English,horaires habituels. <img decoding=\"async\" src=\"http:\/\/www.diocese-saintetienne.fr\/IMG\/jpg\/careme20182.jpg\" alt=\"rencontre ste therese\" align=\"left\"> : Th\u00e9r\u00e8se dAvila, Le Ch\u00e2teau int\u00e9rieur termin\u00e9 en 1582, \u00e9dit\u00e9 en 1588. Ouvrage de spiritualit\u00e9 publi\u00e9 sous diff\u00e9rents titres : Le ch\u00e2teau int\u00e9rieur ou Les demeures. Cet ouvrage fut publi\u00e9 apr\u00e8s sa mort, puis \u00e9dit\u00e9 et traduit de nombreuses fois. Quelques \u00e9ditions r\u00e9centes : <img decoding=\"async\" src=\"http:\/\/www.carmelsaintjoseph.edu.lb\/Prv\/Images\/News\/News78\/Large\/DSC01234.JPG\" alt=\"rencontre ste therese\" align=\"left\"> Consid\u00e9rant les crit\u00e8res de personnels enseignants ou encadrants, les crit\u00e8res despacement, et prenant en compte les enfants de personnels prioritaires, vous faites en fonction de la capacit\u00e9 daccueil et vous pouvez vous retrouver dans des conditions o\u00f9 vous allez devoir prioriser. Qui r\u00e9pond aux questions les plus fr\u00e9quentes, et propose des liens avec quantit\u00e9 de sites fort int\u00e9ressants pour en savoir plus. Peu apr\u00e8s, sur la droite, descend le sentier vers Thann par st\u00e8le Jacquot, mais nous continuons tout droit, toujours triangle jaune. Peu apr\u00e8s, dans un virage, continuer encore tout droit triangle jaune, direction col de lAmselkopf, pour une tr\u00e8s l\u00e9g\u00e8re mont\u00e9e ne pas prendre le chemin qui descend \u00e0 droite, balis\u00e9 en triangle rouge. \u00c9v\u00e9nement le 17 octobre 2018 Maison paroissiale, salle St Pierre St Paul 10 mai 2020 \u00e9ph\u00e9m\u00e9ride, f\u00eate du jour, almanach et Saint du jour.. Bricoler, \u00e9couter de la musique, des reportages et.<\/p>\n","protected":false},"excerpt":{"rendered":"<p>rencontre ste therese<\/p>\n","protected":false},"author":1,"featured_media":0,"comment_status":"closed","ping_status":"closed","sticky":false,"template":"","format":"standard","meta":[],"categories":[1],"tags":[],"_links":{"self":[{"href":"http:\/\/school3.krasnoturinsk.org\/info\/wp-json\/wp\/v2\/posts\/396"}],"collection":[{"href":"http:\/\/school3.krasnoturinsk.org\/info\/wp-json\/wp\/v2\/posts"}],"about":[{"href":"http:\/\/school3.krasnoturinsk.org\/info\/wp-json\/wp\/v2\/types\/post"}],"author":[{"embeddable":true,"href":"http:\/\/school3.krasnoturinsk.org\/info\/wp-json\/wp\/v2\/users\/1"}],"replies":[{"embeddable":true,"href":"http:\/\/school3.krasnoturinsk.org\/info\/wp-json\/wp\/v2\/comments?post=396"}],"version-history":[{"count":1,"href":"http:\/\/school3.krasnoturinsk.org\/info\/wp-json\/wp\/v2\/posts\/396\/revisions"}],"predecessor-version":[{"id":397,"href":"http:\/\/school3.krasnoturinsk.org\/info\/wp-json\/wp\/v2\/posts\/396\/revisions\/397"}],"wp:attachment":[{"href":"http:\/\/school3.krasnoturinsk.org\/info\/wp-json\/wp\/v2\/media?parent=396"}],"wp:term":[{"taxonomy":"category","embeddable":true,"href":"http:\/\/school3.krasnoturinsk.org\/info\/wp-json\/wp\/v2\/categories?post=396"},{"taxonomy":"post_tag","embeddable":true,"href":"http:\/\/school3.krasnoturinsk.org\/info\/wp-json\/wp\/v2\/tags?post=396"}],"curies":[{"name":"wp","href":"https:\/\/api.w.org\/{rel}","templated":true}]}}