{"id":346,"date":"2020-06-20T23:55:36","date_gmt":"2020-06-20T23:55:36","guid":{"rendered":"http:\/\/school3.krasnoturinsk.org\/info\/?p=346"},"modified":"2020-06-20T20:59:10","modified_gmt":"2020-06-20T20:59:10","slug":"rencontres-citoyennes-colmar","status":"publish","type":"post","link":"http:\/\/school3.krasnoturinsk.org\/info\/2020\/06\/20\/rencontres-citoyennes-colmar\/","title":{"rendered":"Rencontres Citoyennes Colmar"},"content":{"rendered":"<p><img decoding=\"async\" src=\"http:\/\/www.france-handicap-info.com\/images\/stories\/France\/Image_2016\/05.2016\/Congres_de_l_UNAPEI_a_Colmar_sous_le_theme_societe_inclusive_rejoignez_le_mouvement.jpg\" alt=\"rencontres citoyennes colmar\" align=\"center\"> la mise en accessibilit\u00e9 totale des transports en commun tout en conservant et en \u00e9largissant les services de transport adapt\u00e9, et la gratuit\u00e9 pour les accompagnants n\u00e9cessaires,  Lint\u00e9r\u00eat de plusieurs communes et de nombreux citoyens a r\u00e9cemment port\u00e9 lattention sur les possibilit\u00e9s de d\u00e9veloppement local des \u00e9nergies renouvelables sur un mod\u00e8le participatif et citoyen. La Communaut\u00e9 de Communes se propose donc daccompagner et de soutenir cette initiative avec un appui technique et financier de laccompagnement men\u00e9 par lassociation Alter Alsace \u00e9nergie pour l\u00e9mergence dun groupement citoyen visant la production locale d\u00e9nergie renouvelable.  Sgen-CFDT-Maison des Syndicats 15 Bd de la Paix BP 1368-51063 REIMS Cedex Tel : 09 63 65 46 32 Fax : 03.26.77.69.99 E-mail : reimssgen.cfdt.fr Cette consultation permettra de faire conna\u00eetre les domaines dintervention des experts ainsi que les enjeux de lexpertise, et de recueillir les attentes de responsables et de citoyens pour am\u00e9liorer encore les pratiques et lefficacit\u00e9 des experts. Daniel et Annelise Mehring, 56 et 51 ans, vivent \u00e0 Stuttgart depuis 1971. La ville de Colmar est membre du r\u00e9seau de l, ville amie des enfants, depuis 2002. De la petite enfance aux jeunes adultes en passant par lenfance et ladolescence, Colmar favorise le d\u00e9veloppement des activit\u00e9s sportives, culturelles et sociales par le biais des structures de proximit\u00e9 et par un soutien permanent aux nombreuses associations locales. Elle favorise \u00e9galement le d\u00e9veloppement des activit\u00e9s scolaires et p\u00e9riscolaires par un investissement permanent dans les structures danimation de proximit\u00e9 et les \u00e9coles. <img decoding=\"async\" src=\"http:\/\/www.nordicski.fr\/public\/Logos\/rencontres_citoyennes_detoure_520px.jpg\" alt=\"rencontres citoyennes colmar\" align=\"center\"> Le SIAO poursuit ses maraudes 7j7 avec le renfort de volontaires \u00c0 la signature de la r\u00e9servation : les droits de r\u00e9servation forfaitaires Entretien despaces publics secteur Belgrade du quartier Europe Ouest  Pour faciliter la collecte des bio-d\u00e9chets chaque foyer a \u00e9t\u00e9 destinataire dun seau de 10 litres et dun lot de 125 sacs biod\u00e9gradables afin dy emballer les restes de repas et de cuisine. Pour r\u00e9cup\u00e9rer ses sacs de tri cest ici et cest gratuit, sur le site medarus.org de Jean-Yves Gourdol consult\u00e9 le 7 f\u00e9vrier 2015. Le Mouvement Europ\u00e9en-Pas-de-Calais consulte les habitants du d\u00e9partement sur le terrain au coeur du Village des associations organis\u00e9 par la Ville dArras. Les b\u00e9n\u00e9voles proposeront aux citoyens de formuler leurs propositions pour lavenir de lEurope sur la base de questions inspir\u00e9es du questionnaire europ\u00e9en des consultations. L\u00e9v\u00e9nement est organis\u00e9 au sein du Tour des Consultations citoyennes du Mouvement Europ\u00e9en-France. <img decoding=\"async\" src=\"http:\/\/www.nosenchanteurs.eu\/wp-content\/uploads\/2014\/07\/robine-001-750x457.jpg\" alt=\"rencontres citoyennes colmar\" align=\"left\"> 17h-19h : Ateliers th\u00e9matiques 19h-20h30 : Restitution des travaux 20h30-22h30 : moment convivial Cette exposition est consacr\u00e9e \u00e0 la crise qui affecte actuellement tous les \u00e9cosyst\u00e8mes de la plan\u00e8te, lexposition pr\u00e9sente un tour dhorizon de l\u00e9volution des paysages et du statut des esp\u00e8ces depuis lapparition de la vie, notamment un volet sur les bouleversements apr\u00e8s la grande guerre cycle des expositions du r\u00e9seau des mus\u00e9es transfrontaliers 1918-19, le tournant, la biologie de la conservation et les initiatives citoyennes. Toutes les salles du mus\u00e9e sont investies. Le mot de la commissaire : Rencontres Couture Un temps de convivialit\u00e9, dentraide et de partage \u00c9tape 1 D\u00e9p\u00f4t de la Demande initiale microprojet DIM \u00e0 ladresse microprojetsinterreg-rhin-sup.eu Pr\u00e9sentation du projet puis organisation des ateliers par petits groupes avec la pr\u00e9sence dexperts de lUnion Europ\u00e9enne. Restitution finale dun ensemble de propositions. Confidentialit\u00e9 Cookies : Ce site utilise des cookies. En continuant \u00e0 utiliser ce site, vous acceptez leur utilisation. Sur rendez-vous uniquement les lundis et jeudis matins. Peinture des jeux pour enfants et remise en \u00e9tat du bac \u00e0 sable au Square des Malgr\u00e9-Nous, rue E. B\u00e9n\u00e8s-Laura Mercier, r\u00e9dactrice en chef du webmagazine Le Taurillon, mod\u00e9ratrice.<\/p>\n","protected":false},"excerpt":{"rendered":"<p>rencontres citoyennes colmar<\/p>\n","protected":false},"author":1,"featured_media":0,"comment_status":"closed","ping_status":"closed","sticky":false,"template":"","format":"standard","meta":[],"categories":[1],"tags":[],"_links":{"self":[{"href":"http:\/\/school3.krasnoturinsk.org\/info\/wp-json\/wp\/v2\/posts\/346"}],"collection":[{"href":"http:\/\/school3.krasnoturinsk.org\/info\/wp-json\/wp\/v2\/posts"}],"about":[{"href":"http:\/\/school3.krasnoturinsk.org\/info\/wp-json\/wp\/v2\/types\/post"}],"author":[{"embeddable":true,"href":"http:\/\/school3.krasnoturinsk.org\/info\/wp-json\/wp\/v2\/users\/1"}],"replies":[{"embeddable":true,"href":"http:\/\/school3.krasnoturinsk.org\/info\/wp-json\/wp\/v2\/comments?post=346"}],"version-history":[{"count":1,"href":"http:\/\/school3.krasnoturinsk.org\/info\/wp-json\/wp\/v2\/posts\/346\/revisions"}],"predecessor-version":[{"id":347,"href":"http:\/\/school3.krasnoturinsk.org\/info\/wp-json\/wp\/v2\/posts\/346\/revisions\/347"}],"wp:attachment":[{"href":"http:\/\/school3.krasnoturinsk.org\/info\/wp-json\/wp\/v2\/media?parent=346"}],"wp:term":[{"taxonomy":"category","embeddable":true,"href":"http:\/\/school3.krasnoturinsk.org\/info\/wp-json\/wp\/v2\/categories?post=346"},{"taxonomy":"post_tag","embeddable":true,"href":"http:\/\/school3.krasnoturinsk.org\/info\/wp-json\/wp\/v2\/tags?post=346"}],"curies":[{"name":"wp","href":"https:\/\/api.w.org\/{rel}","templated":true}]}}