{"id":282,"date":"2020-06-20T22:15:06","date_gmt":"2020-06-20T22:15:06","guid":{"rendered":"http:\/\/school3.krasnoturinsk.org\/info\/?p=282"},"modified":"2020-06-20T20:19:05","modified_gmt":"2020-06-20T20:19:05","slug":"ou-rencontrer-adil-rami","status":"publish","type":"post","link":"http:\/\/school3.krasnoturinsk.org\/info\/2020\/06\/20\/ou-rencontrer-adil-rami\/","title":{"rendered":"Ou Rencontrer Adil Rami"},"content":{"rendered":"<p>Je ne pense pas que nous allons nous en remettre facilement. Je ne suis pas une fille stupide. Jai ressenti plusieurs fois ses mensonges, ses excuses. Mais, nous \u00e9tions ensemble tous les jours, sauf quand je partais au travail. C\u00e9tait toujours difficile parce quil navait pas confiance en moi? Il \u00e9tait tr\u00e8s inquiet? Il me voulait toujours \u00e0 c\u00f4t\u00e9 de lui ou une vid\u00e9o \u00e0 chaque endroit o\u00f9 j\u00e9tais? Avec qui? Jai appris \u00e0 accepter \u00e7a comme normal. Et je me suis m\u00eame retrouv\u00e9e \u00e0 moi-m\u00eame lui poser les m\u00eames questions ridicules? Je vais quitter la France maintenant. Il a tout essay\u00e9, il a envoy\u00e9 des fleurs, des lettres. Je nai pas accept\u00e9. Il sest pr\u00e9sent\u00e9 \u00e0 mon h\u00f4tel. La s\u00e9curit\u00e9 la \u00e9conduit. Jai un garde du corps parce quil me fait peur. Il ma fait mal et ma menac\u00e9 plusieurs fois, a \u00e9crit Pamela Anderson. LUNFP d\u00e9fend Rami \u00c9cart\u00e9 de leffectif professionnel jusqu\u00e0 nouvel ordre, Adil Rami doit rencontrer Alexandre Mialhe, directeur juridique de lOM, dans les prochains jours pour conna\u00eetre sa sanction, pouvant aller jusquau licenciement pour faute grave. \u00c0 noter que lUnion Nationale des Footballeurs Professionnels UNFP a d\u00e9fendu Adil Rami : Si lOM veut rompre le contrat dAdil Rami parce quil a rat\u00e9 un entra\u00eenement, le club va perdre indique le pr\u00e9sident de lUNFP, Philippe Piat. Ils vont se casser les dents devant la commission juridique de la Ligue. Tu loupes un entra\u00eenement, on te r\u00e9silie ton contrat.. Cest impossible. Pour moi, il sagit dune voie de garage. Quand il a rat\u00e9 lentra\u00eenement, est-ce quils lont mis \u00e0 pied? Je ne suis pas s\u00fbr quils aient respect\u00e9 les r\u00e8gles. Mais m\u00eame sils lont fait, au pire, il risque quelques jours de mise \u00e0 pied. Laffaire Rami ne fait peut-\u00eatre que commencer. Je ressens ta douleur; Je ne sais pas si tu veux entendre plus de d\u00e9tails. Publi\u00e9 le 25062019 \u00e0 11:35 Mis \u00e0 jour le 25062019 \u00e0 11:35 Dans les ann\u00e9es 90, en plus d\u00eatre actrice, elle \u00e9tait connue comme Playmate pour le magazine Playboy. Entre deux intellectuels de renom.. Signaler un contenu abusif On va avoir une discussion avec Adil, tr\u00e8s franche, tr\u00e8s directe, comme \u00e0 chaque fois, et je prendrai cette d\u00e9cision \u00e0 lissue de cette discussion. Jai h\u00e2te de lentendre, et davoir cet \u00e9change avec lui, qui aura lieu cette semaine mercredi.. Je dis juste : nallez pas trop vite en besogne sur Rami. Un joueur et sa direction se rencontrent, mettent un certain nombre de sujets sur la table, discutent de lavenir ensemble et vous verrez ce quil adviendra. Jessaie de ne pas avoir la m\u00e9moire courte. Je noublie pas ce quAdil Rami a fait pour ce club lors de la saison 2017-2018, sa contribution \u00e0 une ann\u00e9e magique en termes de jeu et de performances. Un athl\u00e8te de haut niveau peut avoir des p\u00e9riodes de moins bien. Mais cest notre r\u00f4le de dirigeant de rappeler \u00e0 lordre des joueurs quand nous estimons quils ne font pas tout ce qui est n\u00e9cessaire pour faire passer le football avant toute autre consid\u00e9ration. Cette proc\u00e9dure na rien \u00e0 voir avec les sujets conjugaux dAdil Rami, elle a \u00e9t\u00e9 d\u00e9clench\u00e9e avant, a-t-il l\u00e2ch\u00e9. Verdict mercredi donc. <img decoding=\"async\" src=\"http:\/\/static1.purebreak.com\/articles\/8\/15\/74\/68\/@\/626704-paul-pogba-adil-rami-samuel-umtiti-et-624x0-2.jpg\" alt=\"ou rencontrer adil rami\" align=\"center\"> La journaliste Oph\u00e9lie Meunier a donn\u00e9 naissance \u00e0 son premier enfant. Apr\u00e8s avoir r\u00e9v\u00e9l\u00e9 sa grossesse le 14 mars 2019, cette derni\u00e8re a accueilli un petit gar\u00e7on pr\u00e9nomm\u00e9 Joseph le 14 juin 2019. Dans un entretien \u00e0 Paris Match, Oph\u00e9lie Meunier a d\u00e9voil\u00e9 avoir accouch\u00e9 par c\u00e9sarienne \u00e0 lh\u00f4pital am\u00e9ricain de Paris. Le papa nest autre que Mathieu Vergne directeur des programmes de flux \u00e0 TF1, son compagnon depuis 2015, quelle a \u00e9pous\u00e9 le 17 f\u00e9vrier 2018. Cassie Le, l officialise le transfert dAdil Rami, qui signe un contrat de quatre ans. Il joue son premier match officiel lors du troisi\u00e8me tour pr\u00e9liminaire de avec une victoire quatre buts \u00e0 deux contre le. Le, il d\u00e9bute en championnat contre. Le, il marque contre 2-2. Please accept our terms of service and privacy policy Veuillez entrer une adresse valide Merci pour votre inscription! Vous allez bient\u00f4t recevoir un email de confirmation. Nous avons un probl\u00e8me avec votre inscription. Je souhaite aussi recevoir les bons plans des partenaires du site On attendait pas loin de 15 000 participants, et dapr\u00e8s ladjoint au maire de Rivi\u00e8re Sal\u00e9e, pr\u00e8s de 20 000 personnes auraient fait le d\u00e9placement ce lundi 12 f\u00e9vrier avec beaucoup de..  Emmener Francefootball partout avec vous gr\u00e2ce \u00e0 lapplication smartphone!  <img decoding=\"async\" src=\"http:\/\/static1.purepeople.com\/articles\/1\/57\/40\/1\/@\/422164-rachida-dati-a-madrid-ou-elle-a-950x0-1.jpg\" alt=\"ou rencontrer adil rami\" align=\"center\">  Interrog\u00e9 quelques jours plus t\u00f4t par DailyMail.com sur ces rumeurs de fian\u00e7ailles, alors quil faisait du shopping \u00e0 Los Angeles, Adil Rami les avait d\u00e9menties, commentant simplement : Elle est merveilleuse, en faisant r\u00e9f\u00e9rence \u00e0 Pamela Anderson. La star hollywoodienne de 51 ans avait prouv\u00e9 son soutien \u00e0 son compagnon en se rendant en toute discr\u00e9tion en Russie. Dabord \u00e0 Saint-Saint-P\u00e9tersbourg \u00e0 loccasion de la demi-finale contre la Belgique puis gagn\u00e9e contre la Croatie. Il ma jet\u00e9 par les cheveux \u00e0 Los Angeles l\u00e9t\u00e9 dernier. Parce que je lai quitt\u00e9 pour aller \u00e0 lh\u00f4tel apr\u00e8s une s\u00e9ance photo avec des amis. faire rectifier ou supprimer les informations vous concernant, ainsi que d\u00e9finir les directives particuli\u00e8res <img decoding=\"async\" src=\"http:\/\/s2.dmcdn.net\/AR6TN\/x240-oU8.jpg\" alt=\"ou rencontrer adil rami\" align=\"right\"> Apr\u00e8s avoir entretenu une relation sentimentale avec le footballeur, sa notori\u00e9t\u00e9 a fortement augment\u00e9. Sur les r\u00e9seaux sociaux, plus pr\u00e9cis\u00e9ment sur Instagram, ses abonn\u00e9s ont augment\u00e9 en fl\u00e8che.<\/p>\n","protected":false},"excerpt":{"rendered":"<p>ou rencontrer adil rami<\/p>\n","protected":false},"author":1,"featured_media":0,"comment_status":"closed","ping_status":"closed","sticky":false,"template":"","format":"standard","meta":[],"categories":[1],"tags":[],"_links":{"self":[{"href":"http:\/\/school3.krasnoturinsk.org\/info\/wp-json\/wp\/v2\/posts\/282"}],"collection":[{"href":"http:\/\/school3.krasnoturinsk.org\/info\/wp-json\/wp\/v2\/posts"}],"about":[{"href":"http:\/\/school3.krasnoturinsk.org\/info\/wp-json\/wp\/v2\/types\/post"}],"author":[{"embeddable":true,"href":"http:\/\/school3.krasnoturinsk.org\/info\/wp-json\/wp\/v2\/users\/1"}],"replies":[{"embeddable":true,"href":"http:\/\/school3.krasnoturinsk.org\/info\/wp-json\/wp\/v2\/comments?post=282"}],"version-history":[{"count":1,"href":"http:\/\/school3.krasnoturinsk.org\/info\/wp-json\/wp\/v2\/posts\/282\/revisions"}],"predecessor-version":[{"id":283,"href":"http:\/\/school3.krasnoturinsk.org\/info\/wp-json\/wp\/v2\/posts\/282\/revisions\/283"}],"wp:attachment":[{"href":"http:\/\/school3.krasnoturinsk.org\/info\/wp-json\/wp\/v2\/media?parent=282"}],"wp:term":[{"taxonomy":"category","embeddable":true,"href":"http:\/\/school3.krasnoturinsk.org\/info\/wp-json\/wp\/v2\/categories?post=282"},{"taxonomy":"post_tag","embeddable":true,"href":"http:\/\/school3.krasnoturinsk.org\/info\/wp-json\/wp\/v2\/tags?post=282"}],"curies":[{"name":"wp","href":"https:\/\/api.w.org\/{rel}","templated":true}]}}