{"id":220,"date":"2020-06-20T20:24:15","date_gmt":"2020-06-20T20:24:15","guid":{"rendered":"http:\/\/school3.krasnoturinsk.org\/info\/?p=220"},"modified":"2020-06-20T19:33:37","modified_gmt":"2020-06-20T19:33:37","slug":"rencontre-internationale-livre-montagne","status":"publish","type":"post","link":"http:\/\/school3.krasnoturinsk.org\/info\/2020\/06\/20\/rencontre-internationale-livre-montagne\/","title":{"rendered":"Rencontre Internationale Livre Montagne"},"content":{"rendered":"<p>Lourdement touch\u00e9e par le coronavirus, la ville de 15 000 habitants dans lOise a encore quatre candidats en lice pour le second tour des municipales. La r\u00e9gion Paca est la deuxi\u00e8me de France en ce qui concerne le nombre d\u00e9diteurs pr\u00e9sents sur son territoire. Cest aussi celle qui regroupe les plus importantes organisations professionnelles, avec trois associations toutes bas\u00e9es dans le d\u00e9partement des Alpes-de-Haute-Provence, o\u00f9 certaines soci\u00e9t\u00e9s, aujourdhui r\u00e9put\u00e9es, ont d\u00e9marr\u00e9 leur activit\u00e9. Cest le cas de Harmonia Mundi, premier producteur fran\u00e7ais ind\u00e9pendant de disques classiques mais aussi lun des plus importants diffuseurs de l\u00e9dition ind\u00e9pendante, qui sest dabord implant\u00e9 \u00e0 Saint-Michel-lObservatoire \u00e0 une dizaine de kilom\u00e8tres de Forcalquier, avant de sinstaller \u00e0 Arles. A quelques kilom\u00e8tres de Forcalquier se tiennent aussi, depuis 1952, les Rencontres internationales de Lure du 20 au 26 ao\u00fbt cette ann\u00e9e, cr\u00e9\u00e9es par le typographe Maximilien Vox ou encore le directeur de lEcole Estienne, Robert Ranc. En cinquante-quatre ans, elles ont accueilli les plus grands noms de la cr\u00e9ation typographique mondiale et fix\u00e9 dans la r\u00e9gion des professionnels du livre et de l\u00e9dition. Nous nous r\u00e9jouissons de vous retrouver et d\u00e9changer avec vous sur Facebook et Twitter! \u03b3\u03c5\u03c1\u03bf\u03c2 \u03c4\u03b7\u03c2 \u03b5\u03bb\u03bb\u03b1\u03b4\u03bf\u03c2 \u03b8\u03b5\u03c3\u03c3\u03b1\u03bb\u03bf\u03bd\u03b9\u03ba\u03b7 \u03c4\u03b7\u03bb\u03b5\u03c6\u03c9\u03bd\u03bf \u039c\u03bf\u03bd\u03c4\u03ad\u03c1\u03bd\u03b1 \u0391\u03bd\u03b4\u03c1\u03b9\u03ba\u03ae \u03b2\u03b5\u03c1\u03bc\u03bf\u03cd\u03b4\u03b1 \u03c4\u03b7\u03c2 \u03b3\u03b9\u03b1 \u03ac\u03bd\u03b5\u03c4\u03bf \u03ba\u03b1\u03b8\u03b7\u03bc\u03b5\u03c1\u03b9\u03bd\u03cc \u03c3\u03c4\u03c5\u03bb. Xavier Mangado, Maria Merc\u00e8 Bergad\u00e0, Mathieu Langlais et al. R\u00e9p\u00e9tition de la voie Bonatti-Vaucher en face Nord des Grandes-Jorasses Salon International du Livre de Montagne de Passy 2019, Manifestations Auvergne Rh\u00f4ne-Alpes Livre et lecture Ermengol Gassiot, Albert P\u00e8lachs, Marie-Claude Bal et al. IOU Respect cest une exp\u00e9rience de rencontre extraordinaire, au sens litt\u00e9ral! Vous rencontrez des difficult\u00e9s dans lutilisation des fonctionnalit\u00e9s propos\u00e9es? <img decoding=\"async\" src=\"http:\/\/img.over-blog-kiwi.com\/400x260-ct\/0\/97\/11\/14\/20180630\/ob_6ee36d_jardin-partage-m-carlon-f-issac.jpg\" alt=\"rencontre internationale livre montagne\" align=\"left\"> Et si on pouvait enlever les sons du sexe-les g\u00e9missements, les orgasmes, les lits qui grincent, les vantardises, les frouts? Dans une note publi\u00e9e ce jeudi 11 juin par la fondation Jean Jaur\u00e8s, lhistorien et d\u00e9mographe Herv\u00e9 Le Bras affirme que la densit\u00e9 de population, l\u00e2ge ou encore la pauvret\u00e9 nont quun r\u00f4le mineur dans la propagation du Covid-19. Allemagne G\u00e9ographe, directeur de recherche au CNRS, membre du GIEC prix Nobel de la paix 2007 Le dossier central du num\u00e9ro dhiver de cette remarquable revue naturaliste est tout entier consacr\u00e9 \u00e0 la couleur rouge et \u00e0 la fa\u00e7on dont les esp\u00e8ces dont lhomme la per\u00e7oivent et lutilisent. Passionnant, ludique et intelligemment p\u00e9dagogique. Si lantenne chinoise de lagence Magnum commence timidement \u00e0 red\u00e9marrer son activit\u00e9, \u00e0 Paris, cela reste encore tr\u00e8s paralys\u00e9 et les semaines \u00e0 venir restent incertaines. <img decoding=\"async\" src=\"http:\/\/www.hairmeeytwardrobe.gq\/9101-home_default\/tableau-decoratif-cara.jpg\" alt=\"rencontre internationale livre montagne\" align=\"center\"> Par Am\u00e9d\u00e9e Zryd. Presses polytechniques et universitaires romandes. 142 pages. 10,90.  Photographe et alpiniste, Jiri Benovsky pr\u00e9sente ici de superbes clich\u00e9s des Alpes suisses et fran\u00e7aises, limage quon en fait, mais offre aussi une certaine vision de la montagne, limage que lon sen fait. Son travail est marqu\u00e9 par la recherche de lumi\u00e8res <img decoding=\"async\" src=\"http:\/\/www.five.hostelgeneration.com\/2017\/sites\/default\/files\/thumbnails\/image\/heberger_image.jpg\" alt=\"rencontre internationale livre montagne\" align=\"center\"> Jean-Marc Rochette participera \u00e0 une rencontre le dimanche 7 juillet \u00e0 la 14e Rencontre internationale du Livre de Montagne dArolla. Si ces peuples ont chacun une identit\u00e9 ethnique et culturelle tr\u00e8s forte, ils ont aussi beaucoup de points communs : un rythme de vie dict\u00e9 par la nature ; lexploitation et la gestion de ressources naturelles ayant une influence au niveau plan\u00e9taire leau, le bois notamment ; des comportements sociaux.. \u0395\u03bc\u03c0\u03bb\u03bf\u03c5\u03c4\u03b9\u03c3\u03bc\u03ad\u03bd\u03bf \u03bc\u03b5 \u03b4\u03c1\u03b1\u03c3\u03c4\u03b9\u03ba\u03ac \u03c3\u03c5\u03c3\u03c4\u03b1\u03c4\u03b9\u03ba\u03ac \u03cc\u03c0\u03c9\u03c2 \u03c4\u03bf \u03b5\u03ba\u03c7\u03cd\u03bb\u03b9\u03c3\u03bc\u03b1 \u03b2\u03b9\u03c4\u03b1\u03bc\u03af\u03bd\u03b7\u03c2 \u0395 \u03ba\u03b1\u03b9 Physalis \u03bc\u03b5 \u03b1\u03bd\u03c4\u03b9\u03bf\u03be\u03b5\u03b9\u03b4\u03c9\u03c4\u03b9\u03ba\u03ae \u03b4\u03c1\u03ac\u03c3\u03b7.   Christine Mazerand auteur et G\u00e9rard Blanchard collaborateur, Le graphisme en fran\u00e7ais : Aux rencontres internationales de Lurs-en-Provence 1955-1970, Paris, Association des compagnons de Lure, 1973, 170 p. .<\/p>\n","protected":false},"excerpt":{"rendered":"<p>rencontre internationale livre montagne<\/p>\n","protected":false},"author":1,"featured_media":0,"comment_status":"closed","ping_status":"closed","sticky":false,"template":"","format":"standard","meta":[],"categories":[1],"tags":[],"_links":{"self":[{"href":"http:\/\/school3.krasnoturinsk.org\/info\/wp-json\/wp\/v2\/posts\/220"}],"collection":[{"href":"http:\/\/school3.krasnoturinsk.org\/info\/wp-json\/wp\/v2\/posts"}],"about":[{"href":"http:\/\/school3.krasnoturinsk.org\/info\/wp-json\/wp\/v2\/types\/post"}],"author":[{"embeddable":true,"href":"http:\/\/school3.krasnoturinsk.org\/info\/wp-json\/wp\/v2\/users\/1"}],"replies":[{"embeddable":true,"href":"http:\/\/school3.krasnoturinsk.org\/info\/wp-json\/wp\/v2\/comments?post=220"}],"version-history":[{"count":1,"href":"http:\/\/school3.krasnoturinsk.org\/info\/wp-json\/wp\/v2\/posts\/220\/revisions"}],"predecessor-version":[{"id":221,"href":"http:\/\/school3.krasnoturinsk.org\/info\/wp-json\/wp\/v2\/posts\/220\/revisions\/221"}],"wp:attachment":[{"href":"http:\/\/school3.krasnoturinsk.org\/info\/wp-json\/wp\/v2\/media?parent=220"}],"wp:term":[{"taxonomy":"category","embeddable":true,"href":"http:\/\/school3.krasnoturinsk.org\/info\/wp-json\/wp\/v2\/categories?post=220"},{"taxonomy":"post_tag","embeddable":true,"href":"http:\/\/school3.krasnoturinsk.org\/info\/wp-json\/wp\/v2\/tags?post=220"}],"curies":[{"name":"wp","href":"https:\/\/api.w.org\/{rel}","templated":true}]}}