{"id":210,"date":"2020-06-20T19:32:30","date_gmt":"2020-06-20T19:32:30","guid":{"rendered":"http:\/\/school3.krasnoturinsk.org\/info\/?p=210"},"modified":"2020-06-20T19:30:19","modified_gmt":"2020-06-20T19:30:19","slug":"rencontre-lalla-salma","status":"publish","type":"post","link":"http:\/\/school3.krasnoturinsk.org\/info\/2020\/06\/20\/rencontre-lalla-salma\/","title":{"rendered":"Rencontre Lalla Salma"},"content":{"rendered":"<p> <img decoding=\"async\" src=\"http:\/\/www.puortaldovt.cf\/cache\/avatars\/104678_1523727510_fr.png\" alt=\"rencontre lalla salma\" align=\"right\">  Chevelure flamboyante, oratrice hors pair et femme de terrain, la discr\u00e8te Lalla Salma est devenue une figure embl\u00e9matique du Maroc. Depuis 2002, elle a su endosser avec justesse son habit in\u00e9dit de premi\u00e8re dame du royaume et incarne aujourdhui les valeurs de la femme marocaine moderne. Portrait dune personnalit\u00e9 hors normes. L\u00e9pouse du roi Mohammed VI-le couple c\u00e9l\u00e9brera le 21 mars 2012 ses 10 ans de mariage depuis sa grande c\u00e9l\u00e9bration en 2002 au Dar al-Makhzin \u00e0 Rabat-accentue son implication dans le secteur de la sant\u00e9. En effet, ce mois de janvier 2012 est plac\u00e9 sous le signe de sa lutte opini\u00e2tre contre le cancer, via la fondation \u00e0 son nom, lAssociation Lalla Salma pour la lutte contre le cancer ALSC. La communaut\u00e9 juive au Maroc continue de samenuiser. Cest le constat tir\u00e9 dune publication du <img decoding=\"async\" src=\"http:\/\/www.firdaous.com\/wp-content\/uploads\/2014\/05\/lallasalma.png\" alt=\"rencontre lalla salma\" align=\"left\"> Les informations recueillies sont destin\u00e9es \u00e0 CCM Benchmark Group pour vous assurer lenvoi de votre newsletter. R\u00e9seaux sp\u00e9cialis\u00e9s A lUNESCO, la du Maroc plaide pour la coexistence intereligieuse et interculturelle Broadcast Lite WordPress Theme lovingly built by. <img decoding=\"async\" src=\"http:\/\/www.noblesseetroyautes.com\/wp-content\/uploads\/2011\/04\/maroc7.jpg\" alt=\"rencontre lalla salma\" align=\"center\"> Youssef Zeghari et Marion Despouys, Le style Lalla Salma,, Casablanca, 4 septembre 2009. UNE JOURNALISTE AFFIRME AVOIR RENCONTR\u00c9 LALLA SALMA Je pense que Salma a eu un travail tr\u00e8s difficile en \u00e9tant la premi\u00e8re \u00e9pouse visible dun roi marocain, affirmait en avril 2018 Netty Leistra, une journaliste sp\u00e9cialis\u00e9e dans le domaine de la royaut\u00e9, au site britannique. Des rumeurs n\u00e9es en mars 2018 pr\u00e9tendent que la princesse et son \u00e9poux ont tout bonnement divorc\u00e9. La reporter formule une toute autre th\u00e9orie sur les origines de cette disparition. Je pense que sils ont vraiment divorc\u00e9, ils les membres du palais royal, NDLR lui donneront un grand et joli palais et tout largent dont elle a besoin pour quelle nen dise rien, explique-t-elle. Mais je trouve cela plut\u00f4t triste si cest vrai. Si les rumeurs vont bon train sur les raisons de cette absence inexpliqu\u00e9e, le palais royal sest quant \u00e0 lui mur\u00e9 dans le silence. Les m\u00e9dias marocains ont \u00e9galement choisi dignorer labsence de la princesse Lalla Salma. Vous pouvez aussi devenir membres de Bossons Fut\u00e9 en. Nous serions heureux de publier les documents que vous souhaitez partager. Cette nouvelle provocation nest pas acceptable entre pays voisins et partenaires au sein de lUnion europ\u00e9enne, a comment\u00e9 un porte-parole du Quai dOrsay lors dun point presse \u00e9lectronique, sur fond de tensions r\u00e9currentes entre Rome et Paris. Vous avez rep\u00e9r\u00e9 un commentaire avec un contenu ill\u00e9gal ou portant Il va tr\u00e8s bient\u00f4t f\u00eater ses 21 ans et il est toujours lun des c.. Quant \u00e0 voir un jour une fille du roi devenir reine titulaire du pays il y a plus de chance de voir la France redevenir une monarchie.  Quid.ma vous remercie pour votre inscription avec QuidNewsletter! Emmanuel Macron a effectu\u00e9 mercredi 14 juin une visite damiti\u00e9 et de travail de 24 h au Maroc. Ce premier d\u00e9placement au Maghreb du pr\u00e9sident fran\u00e7ais depuis son \u00e9lection intervient alors quun mouvement de r\u00e9volte secoue la r\u00e9gion du Rif depuis plusieurs semaines&#8212;&#8212;&#8212;&#8212;&#8212;&#8212;&#8212;&#8212;&#8212;&#8212;&#8212;&#8212;d\u00e9pendance tr\u00e8s engag\u00e9es dans la vie officielle et poli-Cloudflare Ray ID: 5a28870a4f0cd779 Your IP: 156.220.177.57 Performance security by En d\u00e9pit de la forte contestation du Rif et, le nouveau pr\u00e9sident fran\u00e7ais a fait son choix et bien \u00e9videmment il na pas pris fait et cause pour les manifestants. Il veut poursuivre la politique n\u00e9o-coloniale de l\u00c9tat fran\u00e7ais, il a r\u00e9affirm\u00e9 la volont\u00e9 de la France daccompagner les r\u00e9formes men\u00e9es par le roi, comme la modernisation des institutions, le d\u00e9veloppement social et territorial, les programmes de lutte contre les in\u00e9galit\u00e9s et linsertion du Maroc dans la mondialisation. Il a m\u00eame assur\u00e9 que Mohammed VI \u00e9tait pr\u00e9occup\u00e9 par la situation dans le Rif. Les rifains en seront ravis. Et gra\u00e7e \u00e0 la BELGIQUE je parle aussi le n\u00e9erlandais.<\/p>\n","protected":false},"excerpt":{"rendered":"<p>rencontre lalla salma<\/p>\n","protected":false},"author":1,"featured_media":0,"comment_status":"closed","ping_status":"closed","sticky":false,"template":"","format":"standard","meta":[],"categories":[1],"tags":[],"_links":{"self":[{"href":"http:\/\/school3.krasnoturinsk.org\/info\/wp-json\/wp\/v2\/posts\/210"}],"collection":[{"href":"http:\/\/school3.krasnoturinsk.org\/info\/wp-json\/wp\/v2\/posts"}],"about":[{"href":"http:\/\/school3.krasnoturinsk.org\/info\/wp-json\/wp\/v2\/types\/post"}],"author":[{"embeddable":true,"href":"http:\/\/school3.krasnoturinsk.org\/info\/wp-json\/wp\/v2\/users\/1"}],"replies":[{"embeddable":true,"href":"http:\/\/school3.krasnoturinsk.org\/info\/wp-json\/wp\/v2\/comments?post=210"}],"version-history":[{"count":1,"href":"http:\/\/school3.krasnoturinsk.org\/info\/wp-json\/wp\/v2\/posts\/210\/revisions"}],"predecessor-version":[{"id":211,"href":"http:\/\/school3.krasnoturinsk.org\/info\/wp-json\/wp\/v2\/posts\/210\/revisions\/211"}],"wp:attachment":[{"href":"http:\/\/school3.krasnoturinsk.org\/info\/wp-json\/wp\/v2\/media?parent=210"}],"wp:term":[{"taxonomy":"category","embeddable":true,"href":"http:\/\/school3.krasnoturinsk.org\/info\/wp-json\/wp\/v2\/categories?post=210"},{"taxonomy":"post_tag","embeddable":true,"href":"http:\/\/school3.krasnoturinsk.org\/info\/wp-json\/wp\/v2\/tags?post=210"}],"curies":[{"name":"wp","href":"https:\/\/api.w.org\/{rel}","templated":true}]}}