{"id":186,"date":"2020-06-20T19:28:55","date_gmt":"2020-06-20T19:28:55","guid":{"rendered":"http:\/\/school3.krasnoturinsk.org\/info\/?p=186"},"modified":"2020-06-20T19:16:23","modified_gmt":"2020-06-20T19:16:23","slug":"rencontre-avec-le-patrimoine-religieux-en-region-centre","status":"publish","type":"post","link":"http:\/\/school3.krasnoturinsk.org\/info\/2020\/06\/20\/rencontre-avec-le-patrimoine-religieux-en-region-centre\/","title":{"rendered":"Rencontre Avec Le Patrimoine Religieux En R\u00e9gion Centre"},"content":{"rendered":"<p><img decoding=\"async\" src=\"http:\/\/www.cdp29.fr\/files\/image_file_21.jpg\" alt=\"rencontre avec le patrimoine religieux en r\u00e9gion centre\" align=\"center\">  428.Michael Gallagher-Sherman Fairchild Chairman of Paintings Conservation, The Metropolitan Museum of Art   2014-2018 Institut de recherche et dhistoire des textes du Centre national de la recherche scientifique-Section des manuscrits enlumin\u00e9s Veuillez patienter. 260.Jean-Pierre Courtiau-Urbaniste, ancien chef de la mission de la formation continue des architectes au minist\u00e8re de la Culture Les inscriptions aux visites guid\u00e9es se font sur 219.Jean-Baptiste Clais-Conservateur du patrimoine, D\u00e9partement des Objets dArt, mus\u00e9e du Louvre 238.Joyce Coleman-Professeur de litt\u00e9rature anglaise m\u00e9di\u00e9vale, Center for Medieval Renaissance Studies, University of Oklahoma Bois-Anzeray 27, Eure, chapelle du ch\u00e2teau de Cernay : transform\u00e9e en g\u00eete pour une quinzaine de personnes. Lapplication sugg\u00e8re \u00e0 lutilisateur dautres visites de sites religieux \u00e0 proximit\u00e9, sur la base entre autres des notes dautres visiteurs 1147.Ulrike Wendland-Conservateur du patrimoine pour le Landesamt f\u00fcr Denkmalpflege und Arch\u00e4ologie Sachsen-Anhalt-Landeskonservatorin Stellvertreterin des Direktors, Landesmuseum f\u00fcr Vorgeschichte 553.Laurent Hugues-Conservateur g\u00e9n\u00e9ral du Patrimoine <img decoding=\"async\" src=\"http:\/\/diocesedetours.catholique.fr\/fileadmin\/diocese\/contenus\/actualites\/Sliders\/sacree_loire_livre_slider2.jpg\" alt=\"rencontre avec le patrimoine religieux en r\u00e9gion centre\" align=\"center\"> Ce projet sappuie sur le fait que, dans le cadre de la r\u00e9volution num\u00e9rique, les \u00e9tudiants daujourdhui ont des attentes de modes dapprentissage in\u00e9dits. Ils sont pr\u00eats \u00e0 acqu\u00e9rir des connaissances et sinitier \u00e0 de nouvelles comp\u00e9tences en produisant des contenus num\u00e9riques. Le dossier de candidature se compose du formulaire \u00e9lectronique d\u00fbment compl\u00e9t\u00e9 et des pi\u00e8ces annexes pr\u00e9cis\u00e9es dans le volet Pi\u00e8ces justificatives dudit formulaire. Mise en valeur du patrimoine religieux de la r\u00e9gion Centre-Val de Loire. Deux d\u00e9parts de visites comment\u00e9es gratuites le mercredi 15 mars sont propos\u00e9s par des m\u00e9diateurs du Parc culturel de Rentillyhairsp;-hairsp;Michel Chartier et du Frac Ile-de-France \u00e0 12 h et \u00e0 14 h 15 1076.Fr\u00e9d\u00e9ric Tixier-Ma\u00eetre de conf\u00e9rences en histoire de lart m\u00e9di\u00e9val, directeur du d\u00e9partement Histoire de lart et Arch\u00e9ologie, universit\u00e9 de Lorraine Nancy <img decoding=\"async\" src=\"http:\/\/inventaire-patrimoine.regioncentre.fr\/files\/live\/sites\/inventaire_patrimoine\/files\/contributed\/images\/Lettrine\/IVR24_98181100XA_P.jpg\" alt=\"rencontre avec le patrimoine religieux en r\u00e9gion centre\" align=\"right\"> Cette conf\u00e9rence aura lieu dans le cadre de lexposition les vitraux dIndre-et-Loire, un patrimoine en lumi\u00e8re qui a d\u00e9but\u00e9 le 14 juin et se terminera le 28 septembre 2014. Cette liste d\u00e9diteurs du Loiret, du Loir-et-cher, dIndre-et-Loire, dIndre, dEure-et-loir, et du Cher, devrait vous aider. Les villes de Tours, Orl\u00e9ans, Blois sont donc bien s\u00fbr incluse. Pour chacune, vous trouverez ladresse de son site, et les modalit\u00e9s denvoi habituellement utilis\u00e9es. Beaucoup dentre elles acceptent les envois par mail, dautres par la Poste 37.Isabelle Baguelin-Charg\u00e9e de la protection au titre des Monuments historiques, du Label XX et du Label Jardin remarquable 661.Adrien Lecerf-Charg\u00e9 de recherches, Centre national de la recherche scientifique Wikipedia est une marque d\u00e9pos\u00e9e de la, organisation de bienfaisance r\u00e9gie par le paragraphe du code fiscal des \u00c9tats-Unis. En poursuivant votre navigation sur ce site, vous acceptez lutilisation de cookies pour vous proposer des contenus et services adapt\u00e9s \u00e0 vos centres dint\u00e9r\u00eats.<\/p>\n","protected":false},"excerpt":{"rendered":"<p>rencontre avec le patrimoine religieux en r\u00e9gion centre<\/p>\n","protected":false},"author":1,"featured_media":0,"comment_status":"closed","ping_status":"closed","sticky":false,"template":"","format":"standard","meta":[],"categories":[1],"tags":[],"_links":{"self":[{"href":"http:\/\/school3.krasnoturinsk.org\/info\/wp-json\/wp\/v2\/posts\/186"}],"collection":[{"href":"http:\/\/school3.krasnoturinsk.org\/info\/wp-json\/wp\/v2\/posts"}],"about":[{"href":"http:\/\/school3.krasnoturinsk.org\/info\/wp-json\/wp\/v2\/types\/post"}],"author":[{"embeddable":true,"href":"http:\/\/school3.krasnoturinsk.org\/info\/wp-json\/wp\/v2\/users\/1"}],"replies":[{"embeddable":true,"href":"http:\/\/school3.krasnoturinsk.org\/info\/wp-json\/wp\/v2\/comments?post=186"}],"version-history":[{"count":1,"href":"http:\/\/school3.krasnoturinsk.org\/info\/wp-json\/wp\/v2\/posts\/186\/revisions"}],"predecessor-version":[{"id":187,"href":"http:\/\/school3.krasnoturinsk.org\/info\/wp-json\/wp\/v2\/posts\/186\/revisions\/187"}],"wp:attachment":[{"href":"http:\/\/school3.krasnoturinsk.org\/info\/wp-json\/wp\/v2\/media?parent=186"}],"wp:term":[{"taxonomy":"category","embeddable":true,"href":"http:\/\/school3.krasnoturinsk.org\/info\/wp-json\/wp\/v2\/categories?post=186"},{"taxonomy":"post_tag","embeddable":true,"href":"http:\/\/school3.krasnoturinsk.org\/info\/wp-json\/wp\/v2\/tags?post=186"}],"curies":[{"name":"wp","href":"https:\/\/api.w.org\/{rel}","templated":true}]}}