{"id":152,"date":"2020-06-20T20:53:41","date_gmt":"2020-06-20T20:53:41","guid":{"rendered":"http:\/\/school3.krasnoturinsk.org\/info\/?p=152"},"modified":"2020-06-20T19:02:33","modified_gmt":"2020-06-20T19:02:33","slug":"les-rencontres-internationales-de-la-photographie","status":"publish","type":"post","link":"http:\/\/school3.krasnoturinsk.org\/info\/2020\/06\/20\/les-rencontres-internationales-de-la-photographie\/","title":{"rendered":"Les Rencontres Internationales De La Photographie"},"content":{"rendered":"<p>Expositions :,,,, Yan Le Goff, Serge Gal, Marc Tulane, Lionel Jullian, Alain Gualina  Les Rencontres dArles 2010, 41e \u00e9dition : du lourd et du piquant Rencontres Internationales de la Photographie Arles, France Arles France : Actes Sud impr. 2010 ann\u00e9e pendant l e s Rencontres Internationales de la photographie d Arles, d u 8 au 16 juillet.. Notamment expos\u00e9 au x Rencontres d e s Amou re u x de la Photographie \u00e0 Besan\u00e7on, \u00e0 la Budapest Art Expo en Hongrie, et a u x Rencontres P h otographiqu es d Arles. Provence-Alpes-C\u00f4te dAzur Corse Auvergne-Rh\u00f4ne-Alpes Grand Est Bourgogne-Franche-Comt\u00e9 Occitanie Nouvelle-Aquitaine Centre-Val de Loire \u00cele-de-France Hauts-de-France Normandie Pays de la Loire Bretagne Venez faire la rencontre des artistes Yoanis Menge, du collectif Kahem et Linda Rutenberg qui exposent respectivement leurs travaux \u00e0 Grande-Vall\u00e9e et au Mus\u00e9e de la Gasp\u00e9sie. Moments privil\u00e9gi\u00e9s pass\u00e9s en compagnie de lartiste, ces rencontres nous permettent den apprendre davantage sur le travail des artistes ainsi que la d\u00e9marche artistique qui le sous-tend. <img decoding=\"async\" src=\"http:\/\/www.lepoint.fr\/images\/2017\/04\/15\/8266028-8268122-g-espagne-photo-passe-jpg_4227363_1000x667.jpg\" alt=\"les rencontres internationales de la photographie\" align=\"left\"> <img decoding=\"async\" src=\"http:\/\/www.ens-lyon.fr\/sites\/default\/files\/ksup\/ens-lyon-rencontres-photographie-arles-2012_1341494306631.jpg\" alt=\"les rencontres internationales de la photographie\" align=\"right\"> Le Dictionnaire comporte plus de 122 000 entr\u00e9es. Il reconna\u00eet les formes fl\u00e9chies f\u00e9minin, pluriel, conjugaison des verbes. Les noms propres ne sont pas pris en compte. <img decoding=\"async\" src=\"http:\/\/blog.kochlef.com\/wp-content\/upload\/affiche-rencontres-photographiques-de-ghar-el-melh.jpg\" alt=\"les rencontres internationales de la photographie\" align=\"center\"> Claude Goulet, Les Rencontres internationales de la photographie en Gasp\u00e9sie Mona Hakim The exposition of the series Red Night, from which this.. Pour de longs textes, utilisez le meilleur traducteur en ligne au monde! remarqu\u00e9 cette ann\u00e9e a u x Rencontres d Arles f est iv a l de la photographie i n ternationalement reconnu.  D\u00e9couvrez lapplication LExpress T\u00e9l\u00e9chargez Non merci Expositions :,,,,,,,,,,,,,,,,, every yea r for the Rencontres internationales de la phot ographie. En France, la plupart des festivals de l\u00e9t\u00e9 ont d\u00fb \u00eatre annul\u00e9s, notamment, dans la r\u00e9gion Provence-Alpes-C\u00f4te dAzur : le, le, le, les. Le sajoute \u00e0 cette longue liste. A linverse, la photographie tient une place particuli\u00e8re dans le.. Chaque jour, la r\u00e9daction des Echos r\u00e9pond \u00e0 votre besoin dune information fiable et vous aide \u00e0 prendre les meilleures d\u00e9cisions. Pour acc\u00e9der au Dictionnaire, il vous suffit de cliquer sur le bouton Dictionnaire dans la barre du menu de recherche. Tapez votre recherche dans la bo\u00eete de saisie pr\u00e9vue \u00e0 cet effet et cliquez sur le bouton RECHERCHER. H\u00e9l\u00e8ne en cuisine pr\u00e9pare une cuisine traditionnelle du terroir, entre autres des sp\u00e9cialit\u00e9s comme la bouillabaisse, le bourride de lotte, la\u00efoli et des plats cuisin\u00e9s de grand m\u00e8re, le restaurant Saint Pierre se situe au centre ville dArles dans le quartier de Trinquetaille, seul le  Festival Les Rencontres de la Photographie \u00e0 Arles sur My Provence Culture-Loisirs Les 51es rencontres internationales de la photographie dArles annul\u00e9es Cr\u00e9ez un compte afin dacc\u00e9der \u00e0 la version num\u00e9rique du magazine et \u00e0 lint\u00e9gralit\u00e9 des contenus du Point inclus dans votre offre.<\/p>\n","protected":false},"excerpt":{"rendered":"<p>les rencontres internationales de la photographie<\/p>\n","protected":false},"author":1,"featured_media":0,"comment_status":"closed","ping_status":"closed","sticky":false,"template":"","format":"standard","meta":[],"categories":[1],"tags":[],"_links":{"self":[{"href":"http:\/\/school3.krasnoturinsk.org\/info\/wp-json\/wp\/v2\/posts\/152"}],"collection":[{"href":"http:\/\/school3.krasnoturinsk.org\/info\/wp-json\/wp\/v2\/posts"}],"about":[{"href":"http:\/\/school3.krasnoturinsk.org\/info\/wp-json\/wp\/v2\/types\/post"}],"author":[{"embeddable":true,"href":"http:\/\/school3.krasnoturinsk.org\/info\/wp-json\/wp\/v2\/users\/1"}],"replies":[{"embeddable":true,"href":"http:\/\/school3.krasnoturinsk.org\/info\/wp-json\/wp\/v2\/comments?post=152"}],"version-history":[{"count":1,"href":"http:\/\/school3.krasnoturinsk.org\/info\/wp-json\/wp\/v2\/posts\/152\/revisions"}],"predecessor-version":[{"id":153,"href":"http:\/\/school3.krasnoturinsk.org\/info\/wp-json\/wp\/v2\/posts\/152\/revisions\/153"}],"wp:attachment":[{"href":"http:\/\/school3.krasnoturinsk.org\/info\/wp-json\/wp\/v2\/media?parent=152"}],"wp:term":[{"taxonomy":"category","embeddable":true,"href":"http:\/\/school3.krasnoturinsk.org\/info\/wp-json\/wp\/v2\/categories?post=152"},{"taxonomy":"post_tag","embeddable":true,"href":"http:\/\/school3.krasnoturinsk.org\/info\/wp-json\/wp\/v2\/tags?post=152"}],"curies":[{"name":"wp","href":"https:\/\/api.w.org\/{rel}","templated":true}]}}