{"id":1429,"date":"2020-06-22T11:34:16","date_gmt":"2020-06-22T11:34:16","guid":{"rendered":"http:\/\/school3.krasnoturinsk.org\/info\/?p=1429"},"modified":"2020-06-21T10:04:10","modified_gmt":"2020-06-21T10:04:10","slug":"premiere-rencontre-elena-et-damon","status":"publish","type":"post","link":"http:\/\/school3.krasnoturinsk.org\/info\/2020\/06\/22\/premiere-rencontre-elena-et-damon\/","title":{"rendered":"Premiere Rencontre Elena Et Damon"},"content":{"rendered":"<p> Damon 1864 : Je vois que tu nas pas comprit. Si ont assemble les Gilbert et les Salvator\u00e9 d\u00e9j\u00e0 sa fera beaucoup dargent et de plus si les Gilbert sont des Salvator\u00e9 \u00e7a fera la famille la plus puissante de cette ville et avec tout \u00e7a ont la construira de plus en plus. J\u00e9r\u00e9my : Si je minqui\u00e8te Elena, regarde dans l\u00e9tat que tu es. Retrouvez le meilleur de toute lactualit\u00e9 people, t\u00e9l\u00e9, s\u00e9ries, jeux-vid\u00e9o, cin\u00e9ma et musique en photos et vid\u00e9os sur NextPLZ. Je lui souris avec mon sourire charmeur et me retourna. Je vis que ma bague c\u00e9tait rallum\u00e9, je regarda celle de Stefan et elle aussi silluminer. Damon arrivant : Pr\u00eate \u00e0 revoir votre beau p\u00e8re et belle m\u00e8re les filles? Stefan : le probl\u00e8me Caroline ces que ces impossible ah moins quont puisse trouver comment annul\u00e9. Je me releva et vis que la personne \u00e9tait ch\u00e2tain aux yeux vert. Damon : Essais de trouver une solution Bonnie et vite.  <img decoding=\"async\" src=\"http:\/\/fedrigonitopaward.com\/var\/ezwebin_site\/storage\/images\/entrants\/atelier-trois\/259936-1-eng-GB\/Atelier-trois.jpg\" alt=\"premiere rencontre elena et damon\" align=\"left\"> : 3,88 millions de t\u00e9l\u00e9spectateurs premi\u00e8re diffusion J\u00e9r\u00e9my : tu me dis toujours \u00e7a et pourtant tu continus. Elena : Si seulement moi aussi je pouvais le garder mon manteau en cuir mais ces IM.PO.SSI.BLE! Je vais encor devoir me taper ces robes super lourde alors sil te pla\u00eet te plain pas! Le pass\u00e9 de Damon et Stefan refait surface, en m\u00eame temps que la myst\u00e9rieuse Katherine. \u00c9pisode 14 : Pour Katherine <img decoding=\"async\" src=\"http:\/\/www.vampire-diaries.fr\/wp-content\/uploads\/2014\/01\/R%C3%A9sum%C3%A9-de-l%E2%80%99%C3%A9pisode-11-saison-5%C2%A0-500-Years-of-Solitude-Rebekah-300x169.png\" alt=\"premiere rencontre elena et damon\" align=\"center\"> Et il partit en me laissant en plan, je sais m\u00eame pas quoi dire tellement cette situation est ridicule.Il fallait absolument que je rentre \u00e0 la maison. Je vais sonner \u00e0 mes parents pour qu ils viennent me chercher. Oui, je vais faire \u00e7a.Je sortais mon t\u00e9l\u00e9phone, quand je vis un homme avec une veste en cuire noir me regarder de l autre c\u00f4t\u00e9 de la route mais ce n \u00e9tait pas un regard d envie comme tout les pervers qui auraient regard\u00e9 une jeune fille toute seule au beau milieu de la route. Non, c \u00e9tait un regard de fascination et.. D \u00e9tonnement!  Caroline tenais la boussole dans ces mains, ont vit Giuseppe et Jonathan nous touch\u00e9 avec les balles javais tenu la pierre de lune en m\u00eame temps, je commen\u00e7ais \u00e0 ne plus rien voir et sentit un coup de vent. A la fin de la saison 4, Elena ayant retrouv\u00e9 ses \u00e9motions et son humanit\u00e9 va comprendre quelle est toujours amoureuse de Damon, et va choisir Damon \u00e0 Stefan.. Comme vous le savez certainement tous, Elena cest transform\u00e9e en vampire dans le dernier episode de la saison 3 et a choisit Stefan. Nous fan de Delena ne comprenons toujours pas dailleurs. Bon sang, quelle horrible cauchemar, il faisait vraiment peur. Je regarde l heure sur mon radio-r\u00e9veil, il est 05H03 du matin. Si je ne me rendors pas maintenant, je serais vraiment trop fatigu\u00e9e. Ho c est pas vrai, je vais voir Matt aujourdhui et il va encore me parler d avenir, avoir des enfants, acheter une maison et une tondeuse \u00e0 gazon. Je crois que si il me reparle de \u00e7a encore une fois, je le quitte.Pourtant, je n en aie pas envie, mais j aie beau lui dire que je ne suis pas encore pr\u00eate pour ce genre de sujet qu il continue quand m\u00eame. Oh ZUT, il est 05H30 du matin, je ferais mieux de me rendormir, aujourdhui, on est jeudi et j ai une interro de chimie.Alors que je pensais aux projets de Matt et \u00e0 notre probable rupture, je m endormit d un sommeil sans r\u00eaves. <img decoding=\"async\" src=\"http:\/\/online.fliphtml5.com\/xagb\/soze\/files\/large\/2.jpg\" alt=\"premiere rencontre elena et damon\" align=\"center\">.. : tient ces \u00e0 toi je crois. Dit-il en me donnant mon portable. Elena : merci Caro :D Rigol\u00e2t-elle. Mais Jaimerais me lever pour vous expliquez mon id\u00e9e et emp\u00eacher que Klaus me tue.<\/p>\n","protected":false},"excerpt":{"rendered":"<p>premiere rencontre elena et damon<\/p>\n","protected":false},"author":1,"featured_media":0,"comment_status":"closed","ping_status":"closed","sticky":false,"template":"","format":"standard","meta":[],"categories":[1],"tags":[],"_links":{"self":[{"href":"http:\/\/school3.krasnoturinsk.org\/info\/wp-json\/wp\/v2\/posts\/1429"}],"collection":[{"href":"http:\/\/school3.krasnoturinsk.org\/info\/wp-json\/wp\/v2\/posts"}],"about":[{"href":"http:\/\/school3.krasnoturinsk.org\/info\/wp-json\/wp\/v2\/types\/post"}],"author":[{"embeddable":true,"href":"http:\/\/school3.krasnoturinsk.org\/info\/wp-json\/wp\/v2\/users\/1"}],"replies":[{"embeddable":true,"href":"http:\/\/school3.krasnoturinsk.org\/info\/wp-json\/wp\/v2\/comments?post=1429"}],"version-history":[{"count":1,"href":"http:\/\/school3.krasnoturinsk.org\/info\/wp-json\/wp\/v2\/posts\/1429\/revisions"}],"predecessor-version":[{"id":1430,"href":"http:\/\/school3.krasnoturinsk.org\/info\/wp-json\/wp\/v2\/posts\/1429\/revisions\/1430"}],"wp:attachment":[{"href":"http:\/\/school3.krasnoturinsk.org\/info\/wp-json\/wp\/v2\/media?parent=1429"}],"wp:term":[{"taxonomy":"category","embeddable":true,"href":"http:\/\/school3.krasnoturinsk.org\/info\/wp-json\/wp\/v2\/categories?post=1429"},{"taxonomy":"post_tag","embeddable":true,"href":"http:\/\/school3.krasnoturinsk.org\/info\/wp-json\/wp\/v2\/tags?post=1429"}],"curies":[{"name":"wp","href":"https:\/\/api.w.org\/{rel}","templated":true}]}}