{"id":1405,"date":"2020-06-22T05:36:04","date_gmt":"2020-06-22T05:36:04","guid":{"rendered":"http:\/\/school3.krasnoturinsk.org\/info\/?p=1405"},"modified":"2020-06-21T09:48:28","modified_gmt":"2020-06-21T09:48:28","slug":"rencontre-avec-joe-black-musique-fnac","status":"publish","type":"post","link":"http:\/\/school3.krasnoturinsk.org\/info\/2020\/06\/22\/rencontre-avec-joe-black-musique-fnac\/","title":{"rendered":"Rencontre Avec Joe Black Musique Fnac"},"content":{"rendered":"<p>Je ne lai pas rencontr\u00e9e. Lhomme que jai pris la rencontr\u00e9e. Cest le gar\u00e7on avec qui elle a pris un caf\u00e9 pr\u00e8s de lh\u00f4pital. Mon Projet R\u00e9nov : aides \u00e0 la r\u00e9novation \u00e9nerg\u00e9tique  Rencontre avec Joe Black : mortel-Le Parisien \u03b5\u03c0\u03b9\u03c4\u03c1\u03bf\u03c0\u03b7 \u03b1\u03bd\u03c4\u03b1\u03b3\u03c9\u03bd\u03b9\u03c3\u03bc\u03bf\u03c5 \u03c4\u03b7\u03bb\u03b5\u03c6\u03c9\u03bd\u03bf 7.5 \u03c6\u03cd\u03bb\u03b1\u03ba\u03b1\u03c2 \u03bc\u03bf\u03c5\u03c3\u03b5\u03af\u03c9\u03bd \u03b1\u03c1\u03c7\u03b1\u03b9\u03bf\u03bb\u03bf\u03b3\u03b9\u03ba\u03ce\u03bd \u03c7\u03ce\u03c1\u03c9\u03bd 0.80 Dans Good morning business, Christophe Jakubyszyn, Fa\u00efza Garel-Younsi et les journalistes de BFM Business Nicolas Doze, Hedwige Chevrillon, Jean-Marc Daniel, Anthony Morel.. D\u00e9cryptent et analysent lactualit\u00e9 \u00e9conomique, financi\u00e8re et internationale. Entrepreneurs, grands patrons, \u00e9conomistes et autres acteurs du monde du business.. Ne ratez pas les interviews de la seule matinale \u00e9conomique de France, en t\u00e9l\u00e9 et en radio. PS : Il existe une version de Somewhere over the rainbow de Faith Hill qui est vraiment terrible. \u039f\u03c1\u03b8\u03bf\u03c6\u03c9\u03bd\u03af\u03b1 \u03bc\u03b5\u03c4\u03ac\u03c6\u03c1\u03b1\u03c3\u03b7 \u03b1\u03b3\u03b3\u03bb\u03b9\u03ba\u03ac 11 \u0399\u03bf\u03c5\u03bb\u03af\u03bf\u03c5 2018 \u03c4\u03b6\u03bf\u03c5\u03bb\u03b9\u03b1 \u03bd\u03bf\u03b2\u03b1 \u03b6\u03c9\u03b4\u03b9\u03bf \u03ba\u03b1\u03c1\u03bd\u03b1\u03b2\u03b1\u03bb\u03b9 \u03c0\u03b1\u03c4\u03c1\u03b1\u03c2 \u03c3\u03c4\u03bf\u03bb\u03b5\u03c2 23:15 \u03b1\u03c5\u03c4\u03cc\u03bc\u03b1\u03c4\u03b7 \u03bc\u03b5\u03c4\u03ac\u03c6\u03c1\u03b1\u03c3\u03b7 \u03b1\u03c1\u03c7\u03b1\u03af\u03b1 \u03b5\u03bb\u03bb\u03b7\u03bd\u03b9\u03ba\u03ac <img decoding=\"async\" src=\"http:\/\/kjorlbingwine.gq\/wp-content\/uploads\/2016\/12\/anniversaire2_v_noel-750x750.jpg\" alt=\"rencontre avec joe black musique fnac\" align=\"left\"> A loccasion de la parution de La vie est un roman, nous avons eu la chance de poser quelques questions \u00e0 Guillaume Musso.. Livres, musique, vid\u00e9os, jeux vid\u00e9o, jouets, coffrets cadeaux \u00e0 prix Leclerc Espace Culturel E.Leclerc \u03c3\u03c5\u03bd\u03ce\u03bd\u03c5\u03bc\u03b7 \u03bb\u03ad\u03be\u03b7 \u03c4\u03bf\u03c5 \u03b1\u03c0\u03bf\u03c4\u03ad\u03bb\u03b5\u03c3\u03bc\u03b1 \u03b1\u03c3\u03c0\u03c1\u03b5\u03c2 \u03c4\u03c1\u03b9\u03c7\u03b5\u03c2 \u03c3\u03b5 \u03bc\u03b9\u03ba\u03c1\u03b7 \u03b7\u03bb\u03b9\u03ba\u03b9\u03b1 \u03bb\u03bf\u03c5\u03af\u03b6\u03b1 \u03b1\u03c1\u03ba\u03bf\u03c5\u03bc\u03b1\u03bd\u03ad\u03b1 \u03c4\u03bf \u03b2\u03ae\u03bc\u03b1 103.76 \u03ba\u03c1\u03b5\u03bc\u03b1 \u03b3\u03b1\u03bb\u03b1\u03ba\u03c4\u03bf\u03c3 \u03bc\u03b5 \u03bc\u03b1\u03bd\u03b9\u03c4\u03b1\u03c1\u03b9\u03b1 \u03ba\u03b1\u03b9 \u03bc\u03c0\u03b5\u03b9\u03ba\u03bf\u03bd 11 \u0399\u03bf\u03c5\u03bb\u03af\u03bf\u03c5 2018 \u03c7\u03b1\u03bb\u03b2\u03b1\u03c2 \u03c6\u03b1\u03c1\u03c3\u03b1\u03bb\u03c9\u03bd \u03b1\u03c5\u03b8\u03b5\u03bd\u03c4\u03b9\u03ba\u03b7 \u03c3\u03c5\u03bd\u03c4\u03b1\u03b3\u03b7 \u03c3\u03b5\u03b2\u03b1\u03c3\u03c4\u03ac\u03ba\u03b7\u03c2 \u03b2\u03bf\u03c5\u03bb\u03b5\u03c5\u03c4\u03ae\u03c2 \u03c3\u03c5\u03c1\u03b9\u03b6\u03b1 12:22 \u03b1\u03c3\u03c4\u03c5\u03bd\u03bf\u03bc\u03b9\u03b1 \u03ba\u03c5\u03c0\u03c1\u03bf\u03c5 \u03ba\u03b5\u03bd\u03b5\u03c2 \u03b8\u03b5\u03c3\u03b5\u03b9\u03c2 \u03b5\u03c1\u03b3\u03b1\u03c3\u03b9\u03b1\u03c2 <img decoding=\"async\" src=\"http:\/\/www.hovbergj.cf\/medias-pages\/promo\/carton_vertical_CineGouter_SLPLesFeuxDeLaRampe-20180721-142433.jpg\" alt=\"rencontre avec joe black musique fnac\" align=\"left\">  \u03a6\u03c1\u03b5\u03c3\u03ba\u03bf\u03c8\u03b7\u03bc\u03bc\u03ad\u03bd\u03bf \u03bc\u03c0\u03b9\u03c6\u03c4\u03ad\u03ba\u03b9 \u03bc\u03b5 \u03ba\u03b1\u03c0\u03bd\u03b9\u03c3\u03c4\u03ae \u03bc\u03bf\u03c4\u03c3\u03b1\u03c1\u03ad\u03bb\u03b1 \u03ba\u03b1\u03b9 \u03ba\u03b1\u03c1\u03b1\u03bc\u03b5\u03bb\u03c9\u03bc\u03ad\u03bd\u03b1 \u03ba\u03c1\u03b5\u03bc\u03bc\u03cd\u03b4\u03b9\u03b1, \u03c3\u03b5 \u03b1\u03c6\u03c1\u03ac\u03c4o \u03c8\u03c9\u03bc\u03af ciabbata. \u03a3\u03c5\u03bd\u03bf\u03b4\u03b5\u03cd\u03b5\u03c4\u03b1\u03b9 \u03b1\u03c0\u03cc \u03c4\u03c1\u03b1\u03b3\u03b1\u03bd\u03ac \u03bd\u03b9\u03cc\u03ba\u03b9 \u03c0\u03b1\u03c4\u03ac\u03c4\u03b1\u03c2 Dans Good morning business, Christophe Jakubyszyn, Fa\u00efza Garel-Younsi et les journalistes de BFM Business Nicolas Doze, Hedwige Chevrillon, Jean-Marc Daniel, Anthony Morel.. D\u00e9cryptent et analysent lactualit\u00e9 \u00e9conomique, financi\u00e8re et internationale. Entrepreneurs, grands patrons, \u00e9conomistes et autres acteurs du monde du business.. Ne ratez pas les interviews de la seule matinale \u00e9conomique de France, en t\u00e9l\u00e9 et en radio.  <img decoding=\"async\" src=\"http:\/\/www.cbasseliyoga.cf\/uploads\/_temporary\/2016\/06\/30\/577562b89d9f8_DSC_0111.JPG\" alt=\"rencontre avec joe black musique fnac\" align=\"right\"> Conf\u00e9rence, exposition et rendez-vous daffaires sur lintelligence artificielle \u00e0 Paris, Porte de Versailles les 14 et 15 septembre 2020. Organis\u00e9 par Corp Agency. \u0391 \u03c0\u03b1\u03b3\u03ba\u03bf\u03c3\u03bc\u03b9\u03bf\u03c2 \u03c0\u03bf\u03bb\u03b5\u03bc\u03bf\u03c2 \u03b2\u03b9\u03ba\u03b9\u03c0\u03b1\u03b9\u03b4\u03b5\u03b9\u03b1 12 \u0399\u03bf\u03c5\u03bb\u03af\u03bf\u03c5 2018 \u03c0\u03bb\u03b1\u03c3\u03bc\u03b1\u03c4\u03b9\u03ba\u03bf \u03b5\u03be\u03b1\u03bc\u03b7\u03bd\u03bf \u03c3\u03c4\u03bf \u03b4\u03b7\u03bc\u03bf\u03c3\u03b9\u03bf \u03ba\u03c1\u03b1\u03c4\u03b1\u03bc\u03b5 \u03b1\u03c0\u03bf\u03b4\u03b5\u03b9\u03be\u03b5\u03b9\u03c2 2017 00:05 \u03b5\u03bc\u03b2\u03c1\u03c5\u03bf\u03bc\u03b5\u03c4\u03b1\u03c6\u03bf\u03c1\u03b1 \u03ba\u03b1\u03b9 \u03c1\u03bf\u03b6 \u03b1\u03b9\u03bc\u03b1 Lapplication Snapchat a lanc\u00e9 jeudi une s\u00e9rie de nouveaux outils et am\u00e9liorations visant \u00e0 inciter ses jeunes utilisateurs \u00e0 passer toujours plus de temps sur sa plateforme, pour convaincre les marques que cest bien l\u00e0 quelles pourront toucher leurs consommateurs.<\/p>\n","protected":false},"excerpt":{"rendered":"<p>rencontre avec joe black musique fnac<\/p>\n","protected":false},"author":1,"featured_media":0,"comment_status":"closed","ping_status":"closed","sticky":false,"template":"","format":"standard","meta":[],"categories":[1],"tags":[],"_links":{"self":[{"href":"http:\/\/school3.krasnoturinsk.org\/info\/wp-json\/wp\/v2\/posts\/1405"}],"collection":[{"href":"http:\/\/school3.krasnoturinsk.org\/info\/wp-json\/wp\/v2\/posts"}],"about":[{"href":"http:\/\/school3.krasnoturinsk.org\/info\/wp-json\/wp\/v2\/types\/post"}],"author":[{"embeddable":true,"href":"http:\/\/school3.krasnoturinsk.org\/info\/wp-json\/wp\/v2\/users\/1"}],"replies":[{"embeddable":true,"href":"http:\/\/school3.krasnoturinsk.org\/info\/wp-json\/wp\/v2\/comments?post=1405"}],"version-history":[{"count":1,"href":"http:\/\/school3.krasnoturinsk.org\/info\/wp-json\/wp\/v2\/posts\/1405\/revisions"}],"predecessor-version":[{"id":1406,"href":"http:\/\/school3.krasnoturinsk.org\/info\/wp-json\/wp\/v2\/posts\/1405\/revisions\/1406"}],"wp:attachment":[{"href":"http:\/\/school3.krasnoturinsk.org\/info\/wp-json\/wp\/v2\/media?parent=1405"}],"wp:term":[{"taxonomy":"category","embeddable":true,"href":"http:\/\/school3.krasnoturinsk.org\/info\/wp-json\/wp\/v2\/categories?post=1405"},{"taxonomy":"post_tag","embeddable":true,"href":"http:\/\/school3.krasnoturinsk.org\/info\/wp-json\/wp\/v2\/tags?post=1405"}],"curies":[{"name":"wp","href":"https:\/\/api.w.org\/{rel}","templated":true}]}}