{"id":130,"date":"2020-06-20T19:40:09","date_gmt":"2020-06-20T19:40:09","guid":{"rendered":"http:\/\/school3.krasnoturinsk.org\/info\/?p=130"},"modified":"2020-06-20T18:48:32","modified_gmt":"2020-06-20T18:48:32","slug":"rencontres-d-aout-lussas","status":"publish","type":"post","link":"http:\/\/school3.krasnoturinsk.org\/info\/2020\/06\/20\/rencontres-d-aout-lussas\/","title":{"rendered":"Rencontres D Aout Lussas"},"content":{"rendered":"<p>Documentaire sur lensemble du territoire. L \u00c9cole du documentaire propose des formations \u00e0 l\u00e9criture, \u00e0-Tarifs : Gratuit-Ouverture : Toute lann\u00e9e, tous les mercredis de 8h \u00e0 12h30. Sur son plateau volcanique, Thueyts propose un important march\u00e9 qui draine une quantit\u00e9 de producteurs dun territoire riche par la diversit\u00e9 de ses produits. Son immense place ombrag\u00e9e l\u00e9t\u00e9 est un atout de plus \u00e0 sa notori\u00e9t\u00e9. Fond\u00e9 en 2011 par C\u00e9dric Mal, cet espace collaboratif est ouvert \u00e0 toute proposition \u00e9ditoriale.  This website is using a security service to protect itself from online attacks. The action you just performed triggered the security solution. There are several actions that could trigger this block including submitting a certain word or phrase, a SQL command or malformed data. Chaque ann\u00e9e, le festival r\u00e9v\u00e8le les talents et succ\u00e8s \u00e0 venir. Lumi\u00e8re du Monde est un collectif cr\u00e9\u00e9 en f\u00e9vrier 2011 afin de rassembler les producteurs ind\u00e9pendants de huit zones du monde : Europe Eurasie Afrique Oc\u00e9an indien Amazonie Cara\u00efbes Andes Pacifique Asie. Il regroupe aujourdhui environ 120 producteurs qui sengagent dans des coproductions internationales de documentaires dauteurs en respectant les principes de la Charte de coproduction \u00e9quitable&#8212;&#8212;&#8212;&#8212;&#8212;&#8212;&#8212;&#8212;&#8212;&#8212;&#8212;&#8212;La commune de Bouxwiller, dans le Bas-Rhin \u00e0 ne pas confondre avec son homonyme, le village de Bouxwiller dans le Haut-Rhin, organise chaque ann\u00e9e une pl\u00e9iade danimations pour Plan\u00e8te Ard\u00e9choise vous aide \u00e0 communiquer Informations Utiles Venez rencontrer les artisans et agriculteurs locaux lors des march\u00e9s des producteurs de pays. Diversit\u00e9 des produits : fruits et l\u00e9gumes, fromage, charcuterie.. March\u00e9 tr\u00e8s convivial et anim\u00e9. Mis \u00e0 jour le 27052020 par Office de Tourisme du Pays dAubenas-Vals-Antraigues <img decoding=\"async\" src=\"http:\/\/ekladata.com\/RQB2yX5PEvhq-Jjip_jdz-aLjXs@776x666.png\" alt=\"rencontres d aout lussas\" align=\"left\"> <img decoding=\"async\" src=\"http:\/\/www.period.giftsfromsd.com\/wp-content\/uploads\/2013\/04\/DSC_39250121234.jpg\" alt=\"rencontres d aout lussas\" align=\"center\"> recherche de gisements et enfin, l\u00e9gif\u00e9r\u00e9. L\u00e9volution vers une mainmise  On viendra aussi d\u00e9couvrir en avant-premi\u00e8re les jazzmen de demain, \u00e0 loccasion du concours international du Crest Jazz. Loccasion pour le public de profiter de concerts gratuits sur la place de l\u00c9glise. Durant le Festival dAlba, vous traversez et empruntez des ruelles et vous vous \u00e9merveillez par leur beaut\u00e9, \u00e9blouis par la-Tarifs : Gratuit-Ouverture : Du 0504 au 2510, tous les dimanches \u00e0 8h. Le Village Documentaire de Lussas est en recherche active pour limplantation dacteurs ou structures qui oeuvrent dans les industries culturelles et cr\u00e9atives associations, entreprises ou techniciens au sein du b\u00e2timent. Cela viendrait compl\u00e9ter loffre de ce nouveau p\u00f4le dattraction. Depuis juillet 2018, NEOS Films, Julie Ramel et Vanessa Chambard sont venus sinstaller dans ce nouveau b\u00e2timent. Lenjeux autour de Limaginaire, outre le fait d\u00eatre un meilleur outil de travail pour le Village Documentaire de Lussas, est de pouvoir accueillir dautres structures des m\u00e9tiers de limage et de la culture en g\u00e9n\u00e9ral, en favorisant le tissu local en \u00e9largissant leur rayonnement. Limplantation de nouveaux acteurs des industries culturelles et cr\u00e9atives compl\u00e9mentaires \u00e0 la fili\u00e8re documentaire permettront la cr\u00e9ation de nouveaux projets et l\u00e9mergence de cr\u00e9ations innovantes autour de la dynamique culturelle et num\u00e9rique. Tes voyages, tes impressions et tes conseils sont une source dinspiration et de progression. Propose tes r\u00e9cits sur le blog. <img decoding=\"async\" src=\"http:\/\/www.montelimar-news.fr\/images_news\/big_7948.jpg\" alt=\"rencontres d aout lussas\" align=\"left\">  Face \u00e0 la cave coop\u00e9rative, sous les ch\u00e2taigniers-Parking en face-Payzac-Ard\u00e8che patrimoine b\u00e2ti. Pour cela, il propose des visites du centre ancien et de la Peut-\u00eatre est-il trop tard ou trop t\u00f4t pour parler? Faut-il alors se taire? Sandro Lecca 2010 Italie Couleur Mini DV 27 Christophe Postic nous invite cette fois-ci \u00e0 nous laisser porter par En qu\u00eate dEmak Bakia, un film espagnol dot\u00e9 dune certaine po\u00e9sie. Le codirecteur artistique du festival avoue avoir rechign\u00e9 \u00e0 utiliser ce mot, un peu galvaud\u00e9 aujourdhui \u00e0 force d\u00eatre employ\u00e9 \u00e0 tort et \u00e0 travers. Mais dans le cas pr\u00e9sent, cest ind\u00e9niablement ce qui caract\u00e9rise le mieux cette oeuvre insolite qui prend la forme dune qu\u00eate. Point de d\u00e9part : Man Ray, ses films et une maison. Point darriv\u00e9e : linconnu.<\/p>\n","protected":false},"excerpt":{"rendered":"<p>rencontres d aout lussas<\/p>\n","protected":false},"author":1,"featured_media":0,"comment_status":"closed","ping_status":"closed","sticky":false,"template":"","format":"standard","meta":[],"categories":[1],"tags":[],"_links":{"self":[{"href":"http:\/\/school3.krasnoturinsk.org\/info\/wp-json\/wp\/v2\/posts\/130"}],"collection":[{"href":"http:\/\/school3.krasnoturinsk.org\/info\/wp-json\/wp\/v2\/posts"}],"about":[{"href":"http:\/\/school3.krasnoturinsk.org\/info\/wp-json\/wp\/v2\/types\/post"}],"author":[{"embeddable":true,"href":"http:\/\/school3.krasnoturinsk.org\/info\/wp-json\/wp\/v2\/users\/1"}],"replies":[{"embeddable":true,"href":"http:\/\/school3.krasnoturinsk.org\/info\/wp-json\/wp\/v2\/comments?post=130"}],"version-history":[{"count":1,"href":"http:\/\/school3.krasnoturinsk.org\/info\/wp-json\/wp\/v2\/posts\/130\/revisions"}],"predecessor-version":[{"id":131,"href":"http:\/\/school3.krasnoturinsk.org\/info\/wp-json\/wp\/v2\/posts\/130\/revisions\/131"}],"wp:attachment":[{"href":"http:\/\/school3.krasnoturinsk.org\/info\/wp-json\/wp\/v2\/media?parent=130"}],"wp:term":[{"taxonomy":"category","embeddable":true,"href":"http:\/\/school3.krasnoturinsk.org\/info\/wp-json\/wp\/v2\/categories?post=130"},{"taxonomy":"post_tag","embeddable":true,"href":"http:\/\/school3.krasnoturinsk.org\/info\/wp-json\/wp\/v2\/tags?post=130"}],"curies":[{"name":"wp","href":"https:\/\/api.w.org\/{rel}","templated":true}]}}