{"id":1179,"date":"2020-06-21T23:27:27","date_gmt":"2020-06-21T23:27:27","guid":{"rendered":"http:\/\/school3.krasnoturinsk.org\/info\/?p=1179"},"modified":"2020-06-21T06:51:27","modified_gmt":"2020-06-21T06:51:27","slug":"rencontre-obama-erdogan","status":"publish","type":"post","link":"http:\/\/school3.krasnoturinsk.org\/info\/2020\/06\/21\/rencontre-obama-erdogan\/","title":{"rendered":"Rencontre Obama Erdogan"},"content":{"rendered":"<p>Trois F16 de larm\u00e9e de lair turque ont bombard\u00e9 des positions de lEtat islamique en Syrie, le 24 juillet 2015, peu apr\u00e8s 3 heures du matin. Ces frappes sont intervenues, en Syrie, aux abords.. Abonnez-vous \u00e0 notre newsletter et recevez chaque soir toutes les infos essentielles de la journ\u00e9e! Rencontre Poutine-Erdogan: Annonce dune zone d\u00e9militaris\u00e9e \u00e0 Idleb-Vid\u00e9o Dailymotion  a hrefhttp:ads.portalangop.co.aodeliveryck.php?na25e52d8amp;cb202016311060640 target_blankimg srchttp:ads.portalangop.co.aodeliveryavw.php?zoneid16amp;cb202016311060640amp;na25e52d8 border0 alta De son c\u00f4t\u00e9, lObservatoire syrien des droits de lhomme avait affirm\u00e9 que les bombardements turcs en Syrie avaient provoqu\u00e9 la mort dau moins 40 civils, des all\u00e9gations fermement d\u00e9menties par Ankara, qui assure que larm\u00e9e prend toutes les mesures n\u00e9cessaires pour \u00e9viter de toucher la population civile. <img decoding=\"async\" src=\"http:\/\/www.globalresearch.ca\/wp-content\/uploads\/2016\/03\/Pentagone-option1.png\" alt=\"rencontre obama erdogan\" align=\"left\"> Et pourtant, la rencontre entre les deux hommes est \u00e0 la demande du pr\u00e9sident turc en personne, \u00e0 la veille de sa visite officielle aux Etats-Unis. Jean Madiran est n\u00e9 le 14 juin 1920. En cet anniversaire, nous \u00e9voquons la foi du charbonnier, lamiti\u00e9 Madiran-Cor\u00e7\u00e3o page 8 et le docteur de la loi naturelle page 9. Que la pi\u00e9t\u00e9 filiale, vertu naturelle ch\u00e8re au fondateur dItin\u00e9raires et de Pr\u00e9sent, nous inspire pour les cent ans \u00e0 venir! Madiran ou la foi du charbonnier Jean Comme pour rappeler lurgence de la menace, un militant pr\u00e9sum\u00e9 de lEI sest fait exploser tard samedi soir lors dun raid de la police dans la ville turque de Gaziantep, \u00e0 quelque 500 km \u00e0 lest de la station baln\u00e9aire dAntalya, transform\u00e9e en camp retranch\u00e9. Ou, dit autrement, pourquoi avoir jet\u00e9 \u00e0 leau ce qui \u00e9tait sa marque de fabrique : limpartialit\u00e9, quand ils condamnaient aussi bien les crimes de Pinochet que la r\u00e9pression de la r\u00e9volte du peuple polonais? En fait, ceci est une partie de lexplication avec la fin de la Guerre froide, une autre venant de la concurrence avec les autres associations qui sont sur le m\u00eame terrain. Ce qui oblige \u00e0 proposer toujours un peu plus, et enfin une partie vient dune r\u00e9flexion interne \u00e0 cette association multinationale. <img decoding=\"async\" src=\"http:\/\/www.slate.fr\/sites\/default\/files\/styles\/330x188\/public\/erdogan-obama-reuters.jpg\" alt=\"rencontre obama erdogan\" align=\"right\"> Nous avons besoin de votre soutien! Renseignez le montant de votre don qui permettra de financer les frais li\u00e9s au site, de le maintenir actif et en Vie. Renseignez le montant que vous d\u00e9sirez. Milles merci \u00e0 tous. Plein de belles choses \u00e0 tous! Amour et Lumi\u00e8re-La Cour Internationale de Justice de la Haye. Peut arbitrer des conflits, notamment d\u00e9limitation de fronti\u00e8res entre deux pays qui sont daccord pour sen remettre \u00e0 son arbitrage. A concern\u00e9 notamment, r\u00e9cemment, la Tha\u00eflande et le Cambodge dune part, la Bolivie et le Chili dautre part.  Emine et Recep Tayyip Erdogan en viste en, le 3 f\u00e9vrier 2016. Capital Votre Argent n 8 Capital Votre Argent : Succession et h\u00e9ritage Transmettre plus \u00e0 son conjoint Mieux prot\u00e9ger ses enfants R\u00e9duire la facture fiscale  Lundi 3 mars \u00e0 14h40 heure locale, une explosion a eu lieu dans le m\u00e9tro de Saint-P\u00e9tersbourg.. Pour la journaliste, elle se m\u00eale absolument de tout ce quelle peut. Son mari la remet \u00e0 sa place de temps en temps par des gestes sans \u00e9quivoque. Elle hoche tout le temps la t\u00eate et \u00e9nerve tout le monde avec \u00e7a. La journaliste a par ailleurs \u00e9t\u00e9 renvoy\u00e9e pour avoir bross\u00e9 un portrait de la Premi\u00e8re dame dans le journal turc Vatan et se voit m\u00eame menac\u00e9e de mort. Dans une d\u00e9claration faite pendant lentretien entre les d\u00e9l\u00e9gations turque et am\u00e9ricaine, M. Erdogan a remerci\u00e9 le pr\u00e9sident am\u00e9ricain pour son soutien face \u00e0 la tentative de coup dEtat avort\u00e9e du 15 juillet de lorganisation terroriste gul\u00e9nistestructure dEtat parall\u00e8le FETOPDY. La haine antis\u00e9mite nest pas pr\u00e8s de s\u00e9teindre. Surtout pas en Europe du Nord Du lundi au samedi, d\u00e9couvrez lessentiel de lactualit\u00e9. <img decoding=\"async\" src=\"http:\/\/cdns.yournewswire.com\/wp-content\/uploads\/2016\/01\/Erdogan-hitler-nazi.jpg\" alt=\"rencontre obama erdogan\" align=\"center\"> La Compagnie marocaine des \u0153uvres et objet dart CMOOA organise, le 27 juin courant \u00e0.. Moscou, qui m\u00e8ne des frappes a\u00e9riennes sur la Syrie depuis le 30 septembre, a intensifi\u00e9 ses frappes contre les installations p\u00e9troli\u00e8res de lEI, autorisant les pilotes de ses avions de tirer \u00e0 vue sur les camions-citernes dans la zone contr\u00f4l\u00e9e par lorganisation terroriste. Vladimir Poutine \u00e0 son arriv\u00e9e au Bourget pour la COP21 ce lundi matin. AFPLOIC VENANCE.<\/p>\n","protected":false},"excerpt":{"rendered":"<p>rencontre obama erdogan<\/p>\n","protected":false},"author":1,"featured_media":0,"comment_status":"closed","ping_status":"closed","sticky":false,"template":"","format":"standard","meta":[],"categories":[1],"tags":[],"_links":{"self":[{"href":"http:\/\/school3.krasnoturinsk.org\/info\/wp-json\/wp\/v2\/posts\/1179"}],"collection":[{"href":"http:\/\/school3.krasnoturinsk.org\/info\/wp-json\/wp\/v2\/posts"}],"about":[{"href":"http:\/\/school3.krasnoturinsk.org\/info\/wp-json\/wp\/v2\/types\/post"}],"author":[{"embeddable":true,"href":"http:\/\/school3.krasnoturinsk.org\/info\/wp-json\/wp\/v2\/users\/1"}],"replies":[{"embeddable":true,"href":"http:\/\/school3.krasnoturinsk.org\/info\/wp-json\/wp\/v2\/comments?post=1179"}],"version-history":[{"count":1,"href":"http:\/\/school3.krasnoturinsk.org\/info\/wp-json\/wp\/v2\/posts\/1179\/revisions"}],"predecessor-version":[{"id":1180,"href":"http:\/\/school3.krasnoturinsk.org\/info\/wp-json\/wp\/v2\/posts\/1179\/revisions\/1180"}],"wp:attachment":[{"href":"http:\/\/school3.krasnoturinsk.org\/info\/wp-json\/wp\/v2\/media?parent=1179"}],"wp:term":[{"taxonomy":"category","embeddable":true,"href":"http:\/\/school3.krasnoturinsk.org\/info\/wp-json\/wp\/v2\/categories?post=1179"},{"taxonomy":"post_tag","embeddable":true,"href":"http:\/\/school3.krasnoturinsk.org\/info\/wp-json\/wp\/v2\/tags?post=1179"}],"curies":[{"name":"wp","href":"https:\/\/api.w.org\/{rel}","templated":true}]}}