{"id":1173,"date":"2020-06-21T08:44:26","date_gmt":"2020-06-21T08:44:26","guid":{"rendered":"http:\/\/school3.krasnoturinsk.org\/info\/?p=1173"},"modified":"2020-06-21T06:44:54","modified_gmt":"2020-06-21T06:44:54","slug":"rencontres-litteraires-manosque","status":"publish","type":"post","link":"http:\/\/school3.krasnoturinsk.org\/info\/2020\/06\/21\/rencontres-litteraires-manosque\/","title":{"rendered":"Rencontres Litt\u00e9raires Manosque"},"content":{"rendered":"<p>Apporter ses propres outils de travail ordinateur.. Lessentiel de lactualit\u00e9 sociale chaque vendredi! Vendredi 27 mars-Concert de T\u00e9t\u00e9 musique folk-Manosque  Essentiel : Souvenez-vous de la version linguistique que vous avez s\u00e9lectionn\u00e9e <img decoding=\"async\" src=\"http:\/\/www.hauteprovenceinfo.com\/photos\/12401.jpg\" alt=\"rencontres litt\u00e9raires manosque\" align=\"right\"> 8 Olivia Rosenthal Eloge des B\u00e2tards Verticales 2019   Entretien avec lun des organisateurs, le 25 juillet 2011. Ce 8 avril, l\u00e9quipe du Salon du livre de jeunesse en aura le plaisir dinaugurer un Salon du livre de jeunesse virtuel. Avec le curseur, vous pouvez activer ou d\u00e9sactiver diff\u00e9rents types de cookies : C\u00e9r\u00e9monie du souvenir au cimeti\u00e8re de Manosque organis\u00e9e par lassociation des Amis de Jean Giono. <img decoding=\"async\" src=\"http:\/\/lacasalatina.fr\/wp-content\/uploads\/2017\/04\/Nicolas_Melini-escritor-director_audiovisual_EDIIMA20140720_0324_13-300x168.jpg\" alt=\"rencontres litt\u00e9raires manosque\" align=\"left\"> La prochaine \u00e9dition aura lieu du 25 au 29 septembre. Giorgi Liana 2011, Between Tradition, Vision and Imagination : The Public Sphere of Literature Festivals, dans Delanty Gerard, Giorgi Liana, Sassatelli Monica dir, Festivals and the Cultural Public Sphere, New York, Routledge. Vendredi 3 juillet-Concert Cartier Mississippi Spirit Band musique blues Les Correspondances proposent des rencontres entre auteurs, des d\u00e9bats, des lectures, des ateliers, des performances, des caf\u00e9s litt\u00e9raires, des lectures-spectacles, des concerts litt\u00e9raires.. Un \u00e9v\u00e9nement labellis\u00e9 Marseille-Provence 2013, capitale europ\u00e9enne de la Culture. CCV Admin Messages : Enregistr\u00e9 le : dim. 21 juil. 2002, 16:20 Localisation : Toulouse Contact : Notre ami Pierre Ysmal, d\u00e9c\u00e9d\u00e9 jeudi, est incin\u00e9r\u00e9 aujourdhui, \u00e0 14 h 30, au cr\u00e9matorium de Manosque Alpes-de-Haute-Provence. Parmi tous ceux qui t\u00e9moigneront de leur solidarit\u00e9 \u00e0 Colette, sa femme, \u00e0 Marianne et Catherine, ses filles, la direction de lHumanit\u00e9 et le conseil dadministration des Amis de lHuma seront repr\u00e9sent\u00e9s par Charles Silvestre. Avec Patrick Le Hyaric, dont le message a \u00e9t\u00e9 mentionn\u00e9 dans lHumanit\u00e9 hebdo du 5 septembre, Edmonde Charles-Roux, pr\u00e9sidente des Amis de lHumanit\u00e9, Andr\u00e9 Carrel, Marie-Rose Pineau, Colette Privat, Claude Willard, pr\u00e9sident des Amis de la Commune, et bien dautres amis qui appr\u00e9ciaient sa camaraderie et sa gentillesse ont fait part de leur sympathie \u00e0 ses proches et au journal. Les Rencontres 2020 sont en pr\u00e9paration. Elles auront pour th\u00e8me : Les nouveaux outils num\u00e9riques au service des Maisons d\u00e9crivain Valable pour les lectures spectacles de 21h mer. Au sam. Et 18h dim. Depuis, il a bien s\u00fbr poursuivi sa carri\u00e8re musicale treize albums au Beno\u00eet Vincent participation au festival SabirFest entre Messine, Catane et Reggio de Calabre : <img decoding=\"async\" src=\"http:\/\/www.hauteprovenceinfo.com\/photos\/12380.jpg\" alt=\"rencontres litt\u00e9raires manosque\" align=\"left\"> La Quinzaine revient sur Michel Butor dans son nouveau num\u00e9ro en republiant un article consacr\u00e9 \u00e0 son livre La Rose des Vents, publi\u00e9 chez Gallimard Source : La Quinzaine litt\u00e9raire, 16 avril 1970. Des photographies in\u00e9dites de Fran\u00e7ois-Xavier Emery r\u00e9v\u00e8lent la beaut\u00e9 des paysages naturels et guident avec pr\u00e9cision le promeneur au long de ses d\u00e9couvertes. Linfolettre de la Semdv est disponible aupr\u00e8s de lassociation :.<\/p>\n","protected":false},"excerpt":{"rendered":"<p>rencontres litt\u00e9raires manosque<\/p>\n","protected":false},"author":1,"featured_media":0,"comment_status":"closed","ping_status":"closed","sticky":false,"template":"","format":"standard","meta":[],"categories":[1],"tags":[],"_links":{"self":[{"href":"http:\/\/school3.krasnoturinsk.org\/info\/wp-json\/wp\/v2\/posts\/1173"}],"collection":[{"href":"http:\/\/school3.krasnoturinsk.org\/info\/wp-json\/wp\/v2\/posts"}],"about":[{"href":"http:\/\/school3.krasnoturinsk.org\/info\/wp-json\/wp\/v2\/types\/post"}],"author":[{"embeddable":true,"href":"http:\/\/school3.krasnoturinsk.org\/info\/wp-json\/wp\/v2\/users\/1"}],"replies":[{"embeddable":true,"href":"http:\/\/school3.krasnoturinsk.org\/info\/wp-json\/wp\/v2\/comments?post=1173"}],"version-history":[{"count":1,"href":"http:\/\/school3.krasnoturinsk.org\/info\/wp-json\/wp\/v2\/posts\/1173\/revisions"}],"predecessor-version":[{"id":1174,"href":"http:\/\/school3.krasnoturinsk.org\/info\/wp-json\/wp\/v2\/posts\/1173\/revisions\/1174"}],"wp:attachment":[{"href":"http:\/\/school3.krasnoturinsk.org\/info\/wp-json\/wp\/v2\/media?parent=1173"}],"wp:term":[{"taxonomy":"category","embeddable":true,"href":"http:\/\/school3.krasnoturinsk.org\/info\/wp-json\/wp\/v2\/categories?post=1173"},{"taxonomy":"post_tag","embeddable":true,"href":"http:\/\/school3.krasnoturinsk.org\/info\/wp-json\/wp\/v2\/tags?post=1173"}],"curies":[{"name":"wp","href":"https:\/\/api.w.org\/{rel}","templated":true}]}}